{"id":4594,"date":"2021-04-29T11:19:00","date_gmt":"2021-04-29T09:19:00","guid":{"rendered":"https:\/\/redheadwithabrain.ch\/?p=4594"},"modified":"2022-07-14T13:12:52","modified_gmt":"2022-07-14T11:12:52","slug":"therapie-de-groupe-2-ce-qui-se-concoit-bien-manu-larcenet-2021","status":"publish","type":"post","link":"https:\/\/redheadwithabrain.ch\/index.php\/2021\/04\/29\/therapie-de-groupe-2-ce-qui-se-concoit-bien-manu-larcenet-2021\/","title":{"rendered":"Th\u00e9rapie de groupe &#8211; Tome 2. Ce qui se con\u00e7oit bien &#8211; Manu Larcenet (2021)"},"content":{"rendered":"\n<p class=\"wp-block-paragraph\">Dans ce tome 2, Jean-Eudes ne va pas beaucoup mieux. Il se consid\u00e8re toujours comme un artiste fini et d\u00e9cide de faire une pause avec la soci\u00e9t\u00e9 en se faisant interner aux Petits Oiseaux Joyeux, clinique psychiatrique pour fous (gros &amp; demi-gros). \u00c0 la recherche effr\u00e9n\u00e9e de sa cr\u00e9ativit\u00e9, souvent sous l&#8217;emprise de drogues prescrites, il oscille entre superh\u00e9ros et inepties fantaisistes pour finalement conclure qu&#8217;il allait acc\u00e9der \u00e0 la s\u00e9r\u00e9nit\u00e9 par la contemplation et non la cr\u00e9ation. Gu\u00e9ri, pas gu\u00e9ri, dur de savoir. Une bande dessin\u00e9e aux styles mixtes, un peu d\u00e9concertante.<\/p>\n\n\n\n<p class=\"wp-block-paragraph\"><em>&#8220;Mon chaos int\u00e9rieur est comme mon chat&#8230; il est toujours l\u00e0, planqu\u00e9 dans un coin&#8230; mais d\u00e8s qu&#8217;on a besoin de lui, impossible de le trouver&#8230; \u00c0 la diff\u00e9rence notable que mon chaos int\u00e9rieur, lui, ne vomit pas des mulots pr\u00e9dig\u00e9r\u00e9s sur mon lit.&#8221;<\/em><\/p>\n\n\n\n<figure class=\"wp-block-image size-large\"><img data-recalc-dims=\"1\" loading=\"lazy\" decoding=\"async\" width=\"1024\" height=\"669\" src=\"https:\/\/i0.wp.com\/redheadwithabrain.ch\/wp-content\/uploads\/2021\/04\/20220122_095141_2.jpg?resize=1024%2C669&#038;ssl=1\" alt=\"\" class=\"wp-image-10034\" srcset=\"https:\/\/i0.wp.com\/redheadwithabrain.ch\/wp-content\/uploads\/2021\/04\/20220122_095141_2-scaled.jpg?resize=1024%2C669&amp;ssl=1 1024w, https:\/\/i0.wp.com\/redheadwithabrain.ch\/wp-content\/uploads\/2021\/04\/20220122_095141_2-scaled.jpg?resize=300%2C196&amp;ssl=1 300w, https:\/\/i0.wp.com\/redheadwithabrain.ch\/wp-content\/uploads\/2021\/04\/20220122_095141_2-scaled.jpg?resize=768%2C502&amp;ssl=1 768w, https:\/\/i0.wp.com\/redheadwithabrain.ch\/wp-content\/uploads\/2021\/04\/20220122_095141_2-scaled.jpg?resize=1536%2C1004&amp;ssl=1 1536w, https:\/\/i0.wp.com\/redheadwithabrain.ch\/wp-content\/uploads\/2021\/04\/20220122_095141_2-scaled.jpg?resize=2048%2C1339&amp;ssl=1 2048w\" sizes=\"auto, (max-width: 1000px) 100vw, 1000px\" \/><\/figure>\n","protected":false},"excerpt":{"rendered":"<p>Dans ce tome 2, Jean-Eudes ne va pas beaucoup mieux. Il se consid\u00e8re toujours comme un artiste fini et d\u00e9cide de faire une pause avec la soci\u00e9t\u00e9 en se faisant interner aux Petits Oiseaux Joyeux, clinique psychiatrique pour fous (gros &amp; demi-gros). \u00c0 la recherche effr\u00e9n\u00e9e de sa cr\u00e9ativit\u00e9, souvent sous l&#8217;emprise de drogues prescrites, [&hellip;]<\/p>\n","protected":false},"author":1,"featured_media":4600,"comment_status":"closed","ping_status":"open","sticky":false,"template":"","format":"standard","meta":{"_jetpack_newsletter_access":"","_jetpack_dont_email_post_to_subs":false,"_jetpack_newsletter_tier_id":0,"_jetpack_memberships_contains_paywalled_content":false,"_jetpack_feature_clip_id":0,"_jetpack_memberships_contains_paid_content":false,"footnotes":"","jetpack_post_was_ever_published":false},"categories":[103],"tags":[47,62,65],"class_list":["post-4594","post","type-post","status-publish","format-standard","has-post-thumbnail","hentry","category-graphic-2021","tag-humour","tag-quest","tag-sadness"],"jetpack_sharing_enabled":true,"jetpack_featured_media_url":"https:\/\/i0.wp.com\/redheadwithabrain.ch\/wp-content\/uploads\/2021\/04\/stefan-cosma-ILzjQNsx2WI-unsplash-scaled.jpg?fit=2560%2C1440&ssl=1","_links":{"self":[{"href":"https:\/\/redheadwithabrain.ch\/index.php\/wp-json\/wp\/v2\/posts\/4594","targetHints":{"allow":["GET"]}}],"collection":[{"href":"https:\/\/redheadwithabrain.ch\/index.php\/wp-json\/wp\/v2\/posts"}],"about":[{"href":"https:\/\/redheadwithabrain.ch\/index.php\/wp-json\/wp\/v2\/types\/post"}],"author":[{"embeddable":true,"href":"https:\/\/redheadwithabrain.ch\/index.php\/wp-json\/wp\/v2\/users\/1"}],"replies":[{"embeddable":true,"href":"https:\/\/redheadwithabrain.ch\/index.php\/wp-json\/wp\/v2\/comments?post=4594"}],"version-history":[{"count":4,"href":"https:\/\/redheadwithabrain.ch\/index.php\/wp-json\/wp\/v2\/posts\/4594\/revisions"}],"predecessor-version":[{"id":10035,"href":"https:\/\/redheadwithabrain.ch\/index.php\/wp-json\/wp\/v2\/posts\/4594\/revisions\/10035"}],"wp:featuredmedia":[{"embeddable":true,"href":"https:\/\/redheadwithabrain.ch\/index.php\/wp-json\/wp\/v2\/media\/4600"}],"wp:attachment":[{"href":"https:\/\/redheadwithabrain.ch\/index.php\/wp-json\/wp\/v2\/media?parent=4594"}],"wp:term":[{"taxonomy":"category","embeddable":true,"href":"https:\/\/redheadwithabrain.ch\/index.php\/wp-json\/wp\/v2\/categories?post=4594"},{"taxonomy":"post_tag","embeddable":true,"href":"https:\/\/redheadwithabrain.ch\/index.php\/wp-json\/wp\/v2\/tags?post=4594"}],"curies":[{"name":"wp","href":"https:\/\/api.w.org\/{rel}","templated":true}]}}