{"id":483,"date":"2021-01-10T14:52:34","date_gmt":"2021-01-10T13:52:34","guid":{"rendered":"https:\/\/redheadwithabrain.ch\/?p=483"},"modified":"2021-05-07T18:25:41","modified_gmt":"2021-05-07T16:25:41","slug":"lamant-marguerite-duras","status":"publish","type":"post","link":"https:\/\/redheadwithabrain.ch\/index.php\/2021\/01\/10\/lamant-marguerite-duras\/","title":{"rendered":"L&#8217;Amant &#8211; Marguerite Duras (1981)"},"content":{"rendered":"\n<p class=\"wp-block-paragraph\">Un livre d\u00e9j\u00e0 lu, il y a longtemps. Par une moi au d\u00e9but de sa vie sentimentale, amoureuse, \u00e9motionnelle. Un livre qui refl\u00e9tait ce que je vivais peut-\u00eatre. Quelques d\u00e9cennies plus tard, pas le m\u00eame regard. Ce que j&#8217;avais trouv\u00e9 sensuelle \u00e0 l&#8217;\u00e9poque me semble \u00eatre aujourd&#8217;hui une forme d&#8217;abus malgr\u00e9 l&#8217;amour que l&#8217;amant dit porter \u00e0 cette jeune fille. Un livre qui me laisse n\u00e9anmoins une sensation de grande douceur.<\/p>\n\n\n\n<p class=\"has-text-align-left wp-block-paragraph\"><em>&#8220;Cet amour insens\u00e9 que je lui porte reste pour moi un insondable myst\u00e8re. Je ne sais pas pourquoi je l&#8217;aimais \u00e0 ce point-l\u00e0 de vouloir mourir de sa mort. J&#8217;\u00e9tais s\u00e9par\u00e9e de lui depuis dix ans quand c&#8217;est arriv\u00e9 et je ne pensais que rarement \u00e0 lui. Je l&#8217;aimais, semblait-il, pour toujours et rien de nouveau ne pouvait arriver \u00e0 cet amour. J&#8217;avais oubli\u00e9 la mort.&#8221;<\/em><\/p>\n","protected":false},"excerpt":{"rendered":"<p>Un livre d\u00e9j\u00e0 lu, il y a longtemps. Par une moi au d\u00e9but de sa vie sentimentale, amoureuse, \u00e9motionnelle. Un livre qui refl\u00e9tait ce que je vivais peut-\u00eatre. Quelques d\u00e9cennies plus tard, pas le m\u00eame regard. Ce que j&#8217;avais trouv\u00e9 sensuelle \u00e0 l&#8217;\u00e9poque me semble \u00eatre aujourd&#8217;hui une forme d&#8217;abus malgr\u00e9 l&#8217;amour que l&#8217;amant dit [&hellip;]<\/p>\n","protected":false},"author":1,"featured_media":484,"comment_status":"closed","ping_status":"open","sticky":false,"template":"","format":"standard","meta":{"_jetpack_newsletter_access":"","_jetpack_dont_email_post_to_subs":false,"_jetpack_newsletter_tier_id":0,"_jetpack_memberships_contains_paywalled_content":false,"_jetpack_feature_clip_id":0,"_jetpack_memberships_contains_paid_content":false,"footnotes":"","jetpack_post_was_ever_published":false},"categories":[2,16,17],"tags":[20,19,38],"class_list":["post-483","post","type-post","status-publish","format-standard","has-post-thumbnail","hentry","category-book","category-challenge-riquiqui-2021","category-challenge-solidaire-2021","tag-adolescence","tag-love","tag-virginity"],"jetpack_sharing_enabled":true,"jetpack_featured_media_url":"https:\/\/i0.wp.com\/redheadwithabrain.ch\/wp-content\/uploads\/2021\/01\/steve-douglas-V2-lXJlcPbw-unsplash-scaled.jpg?fit=2560%2C1707&ssl=1","_links":{"self":[{"href":"https:\/\/redheadwithabrain.ch\/index.php\/wp-json\/wp\/v2\/posts\/483","targetHints":{"allow":["GET"]}}],"collection":[{"href":"https:\/\/redheadwithabrain.ch\/index.php\/wp-json\/wp\/v2\/posts"}],"about":[{"href":"https:\/\/redheadwithabrain.ch\/index.php\/wp-json\/wp\/v2\/types\/post"}],"author":[{"embeddable":true,"href":"https:\/\/redheadwithabrain.ch\/index.php\/wp-json\/wp\/v2\/users\/1"}],"replies":[{"embeddable":true,"href":"https:\/\/redheadwithabrain.ch\/index.php\/wp-json\/wp\/v2\/comments?post=483"}],"version-history":[{"count":7,"href":"https:\/\/redheadwithabrain.ch\/index.php\/wp-json\/wp\/v2\/posts\/483\/revisions"}],"predecessor-version":[{"id":4724,"href":"https:\/\/redheadwithabrain.ch\/index.php\/wp-json\/wp\/v2\/posts\/483\/revisions\/4724"}],"wp:featuredmedia":[{"embeddable":true,"href":"https:\/\/redheadwithabrain.ch\/index.php\/wp-json\/wp\/v2\/media\/484"}],"wp:attachment":[{"href":"https:\/\/redheadwithabrain.ch\/index.php\/wp-json\/wp\/v2\/media?parent=483"}],"wp:term":[{"taxonomy":"category","embeddable":true,"href":"https:\/\/redheadwithabrain.ch\/index.php\/wp-json\/wp\/v2\/categories?post=483"},{"taxonomy":"post_tag","embeddable":true,"href":"https:\/\/redheadwithabrain.ch\/index.php\/wp-json\/wp\/v2\/tags?post=483"}],"curies":[{"name":"wp","href":"https:\/\/api.w.org\/{rel}","templated":true}]}}