{"id":5115,"date":"2021-05-13T12:51:00","date_gmt":"2021-05-13T10:51:00","guid":{"rendered":"https:\/\/redheadwithabrain.ch\/?p=5115"},"modified":"2021-05-14T15:29:36","modified_gmt":"2021-05-14T13:29:36","slug":"tous-les-matins-du-monde-pascal-quignard-1991","status":"publish","type":"post","link":"https:\/\/redheadwithabrain.ch\/index.php\/2021\/05\/13\/tous-les-matins-du-monde-pascal-quignard-1991\/","title":{"rendered":"Tous les matins du monde &#8211; Pascal Quignard (1991)"},"content":{"rendered":"\n<p class=\"wp-block-paragraph\">Jean de Sainte-Colombe est un musicien de viole de gambe. Suite au d\u00e9c\u00e8s de sa femme, il se retrouve seule avec ces deux filles et vit coup\u00e9 du monde dans le souvenir de sa bien-aim\u00e9e. Sa musique et son instrument, qu&#8217;il maitrise comme personne, sont son refuge. Le jeune Marin Marais lui demande de lui enseigner son art, mais la relation entre l&#8217;\u00e9l\u00e8ve et son maitre puis entre l&#8217;\u00e9l\u00e8ve et les filles du maitre vont \u00eatre complexes, menant m\u00eame jusqu&#8217;au suicide de l&#8217;une d&#8217;entre elles. Il y a un petit c\u00f4t\u00e9 \u00e9sot\u00e9rique dans la pr\u00e9sence de cette musique et du fant\u00f4me de sa femme tout au long des pages, une impression de flotter. Un petit roman d&#8217;une grande finesse et d&#8217;une grande tristesse.<\/p>\n\n\n\n<p class=\"wp-block-paragraph\"><em>&#8220;Vos larmes sont douces et me touchent. Je vous abandonne parce que je ne songe plus \u00e0 vos seins dans mes r\u00eaves. J&#8217;ai vu d&#8217;autres visages. Nos c\u0153urs sont des affam\u00e9s. La vie est belle \u00e0 proportion qu&#8217;elle est f\u00e9roce, comme nos proies.&#8221;<\/em><\/p>\n","protected":false},"excerpt":{"rendered":"<p>Jean de Sainte-Colombe est un musicien de viole de gambe. Suite au d\u00e9c\u00e8s de sa femme, il se retrouve seule avec ces deux filles et vit coup\u00e9 du monde dans le souvenir de sa bien-aim\u00e9e. Sa musique et son instrument, qu&#8217;il maitrise comme personne, sont son refuge. Le jeune Marin Marais lui demande de lui [&hellip;]<\/p>\n","protected":false},"author":1,"featured_media":5116,"comment_status":"closed","ping_status":"open","sticky":false,"template":"","format":"standard","meta":{"_jetpack_newsletter_access":"","_jetpack_dont_email_post_to_subs":false,"_jetpack_newsletter_tier_id":0,"_jetpack_memberships_contains_paywalled_content":false,"_jetpack_feature_clip_id":0,"_jetpack_memberships_contains_paid_content":false,"footnotes":"","jetpack_post_was_ever_published":false},"categories":[2,16],"tags":[44,124,113],"class_list":["post-5115","post","type-post","status-publish","format-standard","has-post-thumbnail","hentry","category-book","category-challenge-riquiqui-2021","tag-hopelessness","tag-loss","tag-music"],"jetpack_sharing_enabled":true,"jetpack_featured_media_url":"https:\/\/i0.wp.com\/redheadwithabrain.ch\/wp-content\/uploads\/2021\/05\/federico-respini-sYffw0LNr7s-unsplash-scaled.jpg?fit=2560%2C1440&ssl=1","_links":{"self":[{"href":"https:\/\/redheadwithabrain.ch\/index.php\/wp-json\/wp\/v2\/posts\/5115","targetHints":{"allow":["GET"]}}],"collection":[{"href":"https:\/\/redheadwithabrain.ch\/index.php\/wp-json\/wp\/v2\/posts"}],"about":[{"href":"https:\/\/redheadwithabrain.ch\/index.php\/wp-json\/wp\/v2\/types\/post"}],"author":[{"embeddable":true,"href":"https:\/\/redheadwithabrain.ch\/index.php\/wp-json\/wp\/v2\/users\/1"}],"replies":[{"embeddable":true,"href":"https:\/\/redheadwithabrain.ch\/index.php\/wp-json\/wp\/v2\/comments?post=5115"}],"version-history":[{"count":2,"href":"https:\/\/redheadwithabrain.ch\/index.php\/wp-json\/wp\/v2\/posts\/5115\/revisions"}],"predecessor-version":[{"id":5126,"href":"https:\/\/redheadwithabrain.ch\/index.php\/wp-json\/wp\/v2\/posts\/5115\/revisions\/5126"}],"wp:featuredmedia":[{"embeddable":true,"href":"https:\/\/redheadwithabrain.ch\/index.php\/wp-json\/wp\/v2\/media\/5116"}],"wp:attachment":[{"href":"https:\/\/redheadwithabrain.ch\/index.php\/wp-json\/wp\/v2\/media?parent=5115"}],"wp:term":[{"taxonomy":"category","embeddable":true,"href":"https:\/\/redheadwithabrain.ch\/index.php\/wp-json\/wp\/v2\/categories?post=5115"},{"taxonomy":"post_tag","embeddable":true,"href":"https:\/\/redheadwithabrain.ch\/index.php\/wp-json\/wp\/v2\/tags?post=5115"}],"curies":[{"name":"wp","href":"https:\/\/api.w.org\/{rel}","templated":true}]}}