{"id":5277,"date":"2021-06-03T22:05:00","date_gmt":"2021-06-03T20:05:00","guid":{"rendered":"https:\/\/redheadwithabrain.ch\/?p=5277"},"modified":"2024-11-04T21:19:09","modified_gmt":"2024-11-04T20:19:09","slug":"oh-les-beaux-jours-samuel-beckett-1963-2","status":"publish","type":"post","link":"https:\/\/redheadwithabrain.ch\/index.php\/2021\/06\/03\/oh-les-beaux-jours-samuel-beckett-1963-2\/","title":{"rendered":"Oh les beaux jours &#8211; Samuel Beckett (1963)"},"content":{"rendered":"\n<p class=\"wp-block-paragraph\">Un th\u00e9\u00e2tre en vrai&#8230; une sc\u00e8ne, des acteurs, une salle, des spectateurs. La vie recommence en trois dimensions. Une pi\u00e8ce mise en sc\u00e8ne au Th\u00e9\u00e2tre de Carouge, salle du 57 (!) par Claude Vuillemin.  Deux mots de r\u00e9sum\u00e9, car j&#8217;ai lu le livre en avril et qu&#8217;il y a donc d\u00e9j\u00e0 un <a href=\"https:\/\/redheadwithabrain.ch\/index.php\/2021\/04\/15\/oh-les-beaux-jours-samuel-beckett-1963\/\" data-type=\"URL\" data-id=\"https:\/\/redheadwithabrain.ch\/index.php\/2021\/04\/15\/oh-les-beaux-jours-samuel-beckett-1963\/\">post <\/a>sur cette histoire. Un couple, deux personnes enterr\u00e9es dans des monticules de terre o\u00f9 ils s&#8217;enfoncent, elle qui parle de la beaut\u00e9 de la vie pendant une heure trente et lui qui bougonne dans l&#8217;arri\u00e8re-plan. Deux jours de leur vie. Sur sc\u00e8ne, c&#8217;est une prouesse d&#8217;immobilit\u00e9, les acteurs ne bougent pas, le d\u00e9cor ne change pas, seul le ciel au fond \u00e9volue en fonction de l&#8217;heure de la journ\u00e9e, doux d\u00e9grad\u00e9 du jaune au bleu nuit. Regarder cette pi\u00e8ce est en fait un exercice de m\u00e9ditation, se retrouver au th\u00e9\u00e2tre pour juste utiliser ses oreilles n&#8217;est pas commun. Le texte est beau mais contraste tellement avec ce que l&#8217;\u0153il per\u00e7oit. C&#8217;est tr\u00e8s touchant. <\/p>\n\n\n\n<p class=\"wp-block-paragraph\"><em>&#8220;Autrefois&#8230; maintenant&#8230; comme c&#8217;est dur pour l&#8217;esprit. Avoir \u00e9t\u00e9 toujours celle que je suis &#8211; et \u00eatre si diff\u00e9rente de celle que j&#8217;\u00e9tais. Je suis l&#8217;un, je dis l&#8217;une, puis l&#8217;autre.&#8221;<\/em><\/p>\n","protected":false},"excerpt":{"rendered":"<p>Un th\u00e9\u00e2tre en vrai&#8230; une sc\u00e8ne, des acteurs, une salle, des spectateurs. La vie recommence en trois dimensions. Une pi\u00e8ce mise en sc\u00e8ne au Th\u00e9\u00e2tre de Carouge, salle du 57 (!) par Claude Vuillemin. Deux mots de r\u00e9sum\u00e9, car j&#8217;ai lu le livre en avril et qu&#8217;il y a donc d\u00e9j\u00e0 un post sur cette [&hellip;]<\/p>\n","protected":false},"author":1,"featured_media":5278,"comment_status":"closed","ping_status":"open","sticky":false,"template":"","format":"standard","meta":{"_jetpack_newsletter_access":"","_jetpack_dont_email_post_to_subs":false,"_jetpack_newsletter_tier_id":0,"_jetpack_memberships_contains_paywalled_content":false,"_jetpack_feature_clip_id":0,"_jetpack_memberships_contains_paid_content":false,"footnotes":"","jetpack_post_was_ever_published":false},"categories":[266],"tags":[98,19,13],"class_list":["post-5277","post","type-post","status-publish","format-standard","has-post-thumbnail","hentry","category-theatre-de-carouge","tag-life","tag-love","tag-resilience"],"jetpack_sharing_enabled":true,"jetpack_featured_media_url":"https:\/\/i0.wp.com\/redheadwithabrain.ch\/wp-content\/uploads\/2021\/06\/jared-verdi-PNKwdJ8WetM-unsplash-scaled.jpg?fit=2560%2C1707&ssl=1","_links":{"self":[{"href":"https:\/\/redheadwithabrain.ch\/index.php\/wp-json\/wp\/v2\/posts\/5277","targetHints":{"allow":["GET"]}}],"collection":[{"href":"https:\/\/redheadwithabrain.ch\/index.php\/wp-json\/wp\/v2\/posts"}],"about":[{"href":"https:\/\/redheadwithabrain.ch\/index.php\/wp-json\/wp\/v2\/types\/post"}],"author":[{"embeddable":true,"href":"https:\/\/redheadwithabrain.ch\/index.php\/wp-json\/wp\/v2\/users\/1"}],"replies":[{"embeddable":true,"href":"https:\/\/redheadwithabrain.ch\/index.php\/wp-json\/wp\/v2\/comments?post=5277"}],"version-history":[{"count":2,"href":"https:\/\/redheadwithabrain.ch\/index.php\/wp-json\/wp\/v2\/posts\/5277\/revisions"}],"predecessor-version":[{"id":5280,"href":"https:\/\/redheadwithabrain.ch\/index.php\/wp-json\/wp\/v2\/posts\/5277\/revisions\/5280"}],"wp:featuredmedia":[{"embeddable":true,"href":"https:\/\/redheadwithabrain.ch\/index.php\/wp-json\/wp\/v2\/media\/5278"}],"wp:attachment":[{"href":"https:\/\/redheadwithabrain.ch\/index.php\/wp-json\/wp\/v2\/media?parent=5277"}],"wp:term":[{"taxonomy":"category","embeddable":true,"href":"https:\/\/redheadwithabrain.ch\/index.php\/wp-json\/wp\/v2\/categories?post=5277"},{"taxonomy":"post_tag","embeddable":true,"href":"https:\/\/redheadwithabrain.ch\/index.php\/wp-json\/wp\/v2\/tags?post=5277"}],"curies":[{"name":"wp","href":"https:\/\/api.w.org\/{rel}","templated":true}]}}