{"id":5326,"date":"2021-06-20T18:33:00","date_gmt":"2021-06-20T16:33:00","guid":{"rendered":"https:\/\/redheadwithabrain.ch\/?p=5326"},"modified":"2021-11-01T22:16:11","modified_gmt":"2021-11-01T21:16:11","slug":"guy-delisle-en-chemin-vers-son-passe-guy-delisle","status":"publish","type":"post","link":"https:\/\/redheadwithabrain.ch\/index.php\/2021\/06\/20\/guy-delisle-en-chemin-vers-son-passe-guy-delisle\/","title":{"rendered":"Guy Delisle en chemin vers son pass\u00e9 &#8211; Guy Delisle (2021)"},"content":{"rendered":"\n<p class=\"wp-block-paragraph\">Dans le cadre du Festival Histoire et Cit\u00e9 qui a eu lieu du 23 au 28 mars 2021, Guy Delisle parle de son livre sorti au d\u00e9but de l&#8217;ann\u00e9e &#8220;Chroniques de jeunesse&#8221; au travers d&#8217;une s\u00e9rie de questions. Guy Delisle est un b\u00e9d\u00e9iste qui relate \u00e0 travers ses dessins les voyages qu&#8217;il effectue. Ici, c&#8217;est un voyage en plusieurs dimensions. Un voyage g\u00e9ographique au Qu\u00e9bec et un voyage dans le temps, celui de son adolescence. Il y parle des \u00e9t\u00e9s o\u00f9 il a travaill\u00e9 \u00e0 l&#8217;usine de papier o\u00f9 son p\u00e8re travaillait. Delisle se dit d&#8217;ailleurs surpris de voir comment ce p\u00e8re a pris de la place, inattendue, dans sa bande dessin\u00e9e. Une petite interview avec un homme bien sympathique. Il faut lire le livre maintenant.<\/p>\n\n\n\n<p class=\"wp-block-paragraph\"><em>&#8220;Parmi les choses qui passent mal en bande dessin\u00e9e il y a le son, la chaleur et le bruit, en fait. Et c&#8217;est toute ma derni\u00e8re bande dessin\u00e9e, Chroniques de jeunesse, o\u00f9 je travaille dans cette usine dans le bruit, la chaleur et puis il y a l&#8217;odeur de soufre. Alors \u00e7a, \u00e7a passe encore moins en bande dessin\u00e9e. \u00c7a se sugg\u00e8re&#8230;&#8221;<\/em><\/p>\n","protected":false},"excerpt":{"rendered":"<p>Dans le cadre du Festival Histoire et Cit\u00e9 qui a eu lieu du 23 au 28 mars 2021, Guy Delisle parle de son livre sorti au d\u00e9but de l&#8217;ann\u00e9e &#8220;Chroniques de jeunesse&#8221; au travers d&#8217;une s\u00e9rie de questions. Guy Delisle est un b\u00e9d\u00e9iste qui relate \u00e0 travers ses dessins les voyages qu&#8217;il effectue. Ici, c&#8217;est [&hellip;]<\/p>\n","protected":false},"author":1,"featured_media":5328,"comment_status":"closed","ping_status":"open","sticky":false,"template":"","format":"standard","meta":{"_jetpack_newsletter_access":"","_jetpack_dont_email_post_to_subs":false,"_jetpack_newsletter_tier_id":0,"_jetpack_memberships_contains_paywalled_content":false,"_jetpack_feature_clip_id":0,"_jetpack_memberships_contains_paid_content":false,"footnotes":"","jetpack_post_was_ever_published":false},"categories":[96],"tags":[20,126,80],"class_list":["post-5326","post","type-post","status-publish","format-standard","has-post-thumbnail","hentry","category-conferences","tag-adolescence","tag-father","tag-travel"],"jetpack_sharing_enabled":true,"jetpack_featured_media_url":"https:\/\/i0.wp.com\/redheadwithabrain.ch\/wp-content\/uploads\/2021\/06\/mel-poole-gT-Sob4njj8-unsplash-scaled.jpg?fit=2560%2C1702&ssl=1","_links":{"self":[{"href":"https:\/\/redheadwithabrain.ch\/index.php\/wp-json\/wp\/v2\/posts\/5326","targetHints":{"allow":["GET"]}}],"collection":[{"href":"https:\/\/redheadwithabrain.ch\/index.php\/wp-json\/wp\/v2\/posts"}],"about":[{"href":"https:\/\/redheadwithabrain.ch\/index.php\/wp-json\/wp\/v2\/types\/post"}],"author":[{"embeddable":true,"href":"https:\/\/redheadwithabrain.ch\/index.php\/wp-json\/wp\/v2\/users\/1"}],"replies":[{"embeddable":true,"href":"https:\/\/redheadwithabrain.ch\/index.php\/wp-json\/wp\/v2\/comments?post=5326"}],"version-history":[{"count":5,"href":"https:\/\/redheadwithabrain.ch\/index.php\/wp-json\/wp\/v2\/posts\/5326\/revisions"}],"predecessor-version":[{"id":7589,"href":"https:\/\/redheadwithabrain.ch\/index.php\/wp-json\/wp\/v2\/posts\/5326\/revisions\/7589"}],"wp:featuredmedia":[{"embeddable":true,"href":"https:\/\/redheadwithabrain.ch\/index.php\/wp-json\/wp\/v2\/media\/5328"}],"wp:attachment":[{"href":"https:\/\/redheadwithabrain.ch\/index.php\/wp-json\/wp\/v2\/media?parent=5326"}],"wp:term":[{"taxonomy":"category","embeddable":true,"href":"https:\/\/redheadwithabrain.ch\/index.php\/wp-json\/wp\/v2\/categories?post=5326"},{"taxonomy":"post_tag","embeddable":true,"href":"https:\/\/redheadwithabrain.ch\/index.php\/wp-json\/wp\/v2\/tags?post=5326"}],"curies":[{"name":"wp","href":"https:\/\/api.w.org\/{rel}","templated":true}]}}