{"id":5334,"date":"2021-06-24T18:41:00","date_gmt":"2021-06-24T16:41:00","guid":{"rendered":"https:\/\/redheadwithabrain.ch\/?p=5334"},"modified":"2024-03-07T15:58:01","modified_gmt":"2024-03-07T14:58:01","slug":"en-therapie-eric-toledano-olivier-nakache-2021","status":"publish","type":"post","link":"https:\/\/redheadwithabrain.ch\/index.php\/2021\/06\/24\/en-therapie-eric-toledano-olivier-nakache-2021\/","title":{"rendered":"En Th\u00e9rapie &#8211; Eric Toledano &#038; Olivier Nakache (2021)"},"content":{"rendered":"\n<p class=\"wp-block-paragraph\">Adaptation de la s\u00e9rie isra\u00e9lienne BeTipul, le titre en dit beaucoup&#8230; Cette s\u00e9rie suit le Docteur Philippe Dayan, psychiatre et psychanalyste, et la th\u00e9rapie de cinq de ses patients dans la p\u00e9riode qui suit les attentats du Bataclan le 13 novembre 2015. Il y a Ariane, chirurgienne, Adel, policier de la Brigade de Recherche et d&#8217;Intervention, Camille, une jeune sportive de 16 ans, et Leonora et Damien, un couple en crise. Chacun vient pour un probl\u00e8me bien \u00e0 lui. Le Dr Dayan va lui-m\u00eame chez sa contr\u00f4leuse, son amie Esther. Chaque semaine le patient avance dans son analyse, gr\u00e2ce \u00e0 la guidance du Dr Dayan. C&#8217;est un peu comme \u00e9plucher un oignon, chaque couche permet au patient de s&#8217;approcher de son c\u0153ur, de r\u00e9v\u00e9ler ses douleurs, de creuser ses probl\u00e8mes. Fran\u00e7ois Pierrot est excellent en psychiatre, touchant et fragile. Une s\u00e9rie vraiment int\u00e9ressante, bien film\u00e9e. Difficilement d&#8217;\u00e9viter de se retrouver dans des morceaux du v\u00e9cu de tous ces patients.<\/p>\n\n\n\n<p class=\"wp-block-paragraph\"><em>&#8220;Notre irresponsabilit\u00e9 collective me met en col\u00e8re. Notre splendide sup\u00e9riorit\u00e9 intellectuelle qui nous fait planer \u00e0 des kilom\u00e8tres au-dessus de la boue des causalit\u00e9s mat\u00e9rielles, nous les psys. Je suis en col\u00e8re contre Freud, ce petit bourgeois juif viennois conservateur. Je suis en col\u00e8re contre Lacan, ce grand bourgeois catholique parisien, tout aussi conservateur. Contre nous qui th\u00e9orisons notre d\u00e9tachement des affaires de ce monde, qui nous mettons hors-jeu, neutres, d\u00e9gag\u00e9s, apolitiques, non, pire, politiquement pessimistes.&#8221;<\/em><\/p>\n\n\n\n<p class=\"wp-block-paragraph\" style=\"font-size:15px\"><strong><span style=\"background-color:rgba(0, 0, 0, 0)\" class=\"has-inline-color has-colibri-color-4-color\">Trente-cinq \u00e9pisodes d&#8217;environ 30 minutes <\/span><\/strong><\/p>\n\n\n\n<p class=\"wp-block-paragraph\" style=\"font-size:15px\">\u00c9pisode 1. Ariane &#8211; lundi&nbsp;16 novembre 2015,&nbsp;9&nbsp;h<br>\u00c9pisode 2. Adel &#8211; mardi&nbsp;17 novembre 2015,&nbsp;10&nbsp;h<br>\u00c9pisode 3. Camille &#8211; mercredi&nbsp;18 novembre 2015,&nbsp;11&nbsp;h<br>\u00c9pisode 4. L\u00e9onora et Damien &#8211; jeudi&nbsp;19 novembre 2015,&nbsp;17&nbsp;h<br>\u00c9pisode 5. Esther &#8211; vendredi&nbsp;20 novembre 2015,&nbsp;19&nbsp;h<br>\u00c9pisode 6. Ariane &#8211; lundi&nbsp;23 novembre 2015,&nbsp;9&nbsp;h<br>Episode 7. Adel &#8211; mardi&nbsp;24 novembre 2015,&nbsp;10&nbsp;h<br>\u00c9pisode 8. Camille &#8211; mercredi&nbsp;25 novembre 2015,&nbsp;11&nbsp;h<br>\u00c9pisode 9. L\u00e9onora et Damien &#8211; jeudi&nbsp;26 novembre 2015,&nbsp;17&nbsp;h<br>\u00c9pisode 10. Esther &#8211; vendredi&nbsp;27 novembre 2015,&nbsp;19&nbsp;h<br>\u00c9pisode 11. Ariane &#8211; lundi&nbsp;30 novembre 2015,&nbsp;9&nbsp;h<br>\u00c9pisode 12. Adel &#8211; mardi&nbsp;1<sup>er<\/sup>&nbsp;d\u00e9cembre 2015,&nbsp;10&nbsp;h<br>\u00c9pisode 13. Camille &#8211; mercredi&nbsp;2 d\u00e9cembre 2015,&nbsp;11&nbsp;h<br>\u00c9pisode 14. L\u00e9onora et Damien &#8211; jeudi&nbsp;3 d\u00e9cembre 2015,&nbsp;17&nbsp;h<br>\u00c9pisode 15. Esther &#8211; vendredi&nbsp;4 d\u00e9cembre 2015,&nbsp;19&nbsp;h<br>\u00c9pisode 16. Ariane &#8211; lundi&nbsp;7 d\u00e9cembre 2015,&nbsp;9&nbsp;h<br>\u00c9pisode 17. Adel &#8211; mardi&nbsp;8 d\u00e9cembre 2015,&nbsp;10&nbsp;h<br>\u00c9pisode 18. Camille &#8211; mercredi&nbsp;9 d\u00e9cembre 2015,&nbsp;11&nbsp;h<br>\u00c9pisode 19. &nbsp;L\u00e9onora et Damien &#8211; jeudi&nbsp;10 d\u00e9cembre 2015,&nbsp;17&nbsp;h<br>\u00c9pisode 20. Esther &#8211; vendredi&nbsp;11 d\u00e9cembre 2015,&nbsp;19&nbsp;h<br>\u00c9pisode 21. Ariane &#8211; lundi&nbsp;14 d\u00e9cembre 2015,&nbsp;9&nbsp;h<br>\u00c9pisode 22. Adel &#8211; mardi&nbsp;15 d\u00e9cembre 2015,&nbsp;10&nbsp;h<br>\u00c9pisode 23. Camille &#8211; mercredi&nbsp;16 d\u00e9cembre 2015,&nbsp;11&nbsp;h<br>\u00c9pisode 24. L\u00e9onora &#8211; jeudi&nbsp;17 d\u00e9cembre 2015,&nbsp;17&nbsp;h<br>\u00c9pisode 25. Esther &#8211; vendredi&nbsp;18 d\u00e9cembre 2015,&nbsp;15&nbsp;h<br>\u00c9pisode 26. Ariane &#8211; lundi&nbsp;21 d\u00e9cembre 2015,&nbsp;9&nbsp;h<br>\u00c9pisode 27. Adel &#8211; mardi&nbsp;22 d\u00e9cembre 2015,&nbsp;10&nbsp;h<br>\u00c9pisode 28. Camille &#8211; mercredi&nbsp;23 d\u00e9cembre 2015,&nbsp;11&nbsp;h<br>\u00c9pisode 29. L\u00e9onora et Damien &#8211; jeudi&nbsp;24 d\u00e9cembre 2015,&nbsp;17&nbsp;h<br>\u00c9pisode 30. Ariane &#8211; samedi&nbsp;2 janvier 2016,&nbsp;11&nbsp;h<br>\u00c9pisode 31. Mohammed Chibane &#8211; lundi&nbsp;4 janvier 2016,&nbsp;10&nbsp;h<br>\u00c9pisode 32. Esther &#8211; mardi&nbsp;5 janvier 2016,&nbsp;9&nbsp;h<br>\u00c9pisode 33. Camille &#8211; mercredi&nbsp;6 janvier 2016,&nbsp;11&nbsp;h<br>\u00c9pisode 34. L\u00e9onora et Damien &#8211; jeudi&nbsp;7 janvier 2016,&nbsp;17&nbsp;h<br>\u00c9pisode 35. Esther &#8211; vendredi&nbsp;8 janvier 2016,&nbsp;10&nbsp;h<\/p>\n\n\n\n<p class=\"wp-block-paragraph\" style=\"font-size:15px\"><br><\/p>\n","protected":false},"excerpt":{"rendered":"<p>Adaptation de la s\u00e9rie isra\u00e9lienne BeTipul, le titre en dit beaucoup&#8230; Cette s\u00e9rie suit le Docteur Philippe Dayan, psychiatre et psychanalyste, et la th\u00e9rapie de cinq de ses patients dans la p\u00e9riode qui suit les attentats du Bataclan le 13 novembre 2015. Il y a Ariane, chirurgienne, Adel, policier de la Brigade de Recherche et [&hellip;]<\/p>\n","protected":false},"author":1,"featured_media":5335,"comment_status":"closed","ping_status":"open","sticky":false,"template":"","format":"standard","meta":{"_jetpack_newsletter_access":"","_jetpack_dont_email_post_to_subs":false,"_jetpack_newsletter_tier_id":0,"_jetpack_memberships_contains_paywalled_content":false,"_jetpack_feature_clip_id":0,"_jetpack_memberships_contains_paid_content":false,"footnotes":"","jetpack_post_was_ever_published":false},"categories":[4],"tags":[111,69,109],"class_list":["post-5334","post","type-post","status-publish","format-standard","has-post-thumbnail","hentry","category-series","tag-abuse","tag-courage","tag-pain"],"jetpack_sharing_enabled":true,"jetpack_featured_media_url":"https:\/\/i0.wp.com\/redheadwithabrain.ch\/wp-content\/uploads\/2021\/06\/eduard-militaru-dtuM342uTmc-unsplash-scaled.jpg?fit=2560%2C1440&ssl=1","_links":{"self":[{"href":"https:\/\/redheadwithabrain.ch\/index.php\/wp-json\/wp\/v2\/posts\/5334","targetHints":{"allow":["GET"]}}],"collection":[{"href":"https:\/\/redheadwithabrain.ch\/index.php\/wp-json\/wp\/v2\/posts"}],"about":[{"href":"https:\/\/redheadwithabrain.ch\/index.php\/wp-json\/wp\/v2\/types\/post"}],"author":[{"embeddable":true,"href":"https:\/\/redheadwithabrain.ch\/index.php\/wp-json\/wp\/v2\/users\/1"}],"replies":[{"embeddable":true,"href":"https:\/\/redheadwithabrain.ch\/index.php\/wp-json\/wp\/v2\/comments?post=5334"}],"version-history":[{"count":7,"href":"https:\/\/redheadwithabrain.ch\/index.php\/wp-json\/wp\/v2\/posts\/5334\/revisions"}],"predecessor-version":[{"id":14925,"href":"https:\/\/redheadwithabrain.ch\/index.php\/wp-json\/wp\/v2\/posts\/5334\/revisions\/14925"}],"wp:featuredmedia":[{"embeddable":true,"href":"https:\/\/redheadwithabrain.ch\/index.php\/wp-json\/wp\/v2\/media\/5335"}],"wp:attachment":[{"href":"https:\/\/redheadwithabrain.ch\/index.php\/wp-json\/wp\/v2\/media?parent=5334"}],"wp:term":[{"taxonomy":"category","embeddable":true,"href":"https:\/\/redheadwithabrain.ch\/index.php\/wp-json\/wp\/v2\/categories?post=5334"},{"taxonomy":"post_tag","embeddable":true,"href":"https:\/\/redheadwithabrain.ch\/index.php\/wp-json\/wp\/v2\/tags?post=5334"}],"curies":[{"name":"wp","href":"https:\/\/api.w.org\/{rel}","templated":true}]}}