{"id":5604,"date":"2021-07-25T13:21:00","date_gmt":"2021-07-25T11:21:00","guid":{"rendered":"https:\/\/redheadwithabrain.ch\/?p=5604"},"modified":"2021-11-01T19:33:49","modified_gmt":"2021-11-01T18:33:49","slug":"collection-permanente-centre-pompidou-2021","status":"publish","type":"post","link":"https:\/\/redheadwithabrain.ch\/index.php\/2021\/07\/25\/collection-permanente-centre-pompidou-2021\/","title":{"rendered":"Centre Pompidou &#8211; Paris (2021)"},"content":{"rendered":"\n<p class=\"wp-block-paragraph\">Ce mus\u00e9e revendique 120&#8217;000 \u0153uvres dans sa collection, la plus grande d\u2019Europe. Deux \u00e9tages envahis des plus grands artistes des XX\u1d49 et XXI\u1d49 si\u00e8cles. Et, pour faire \u00e9cho \u00e0 l&#8217;exposition &#8220;Elles font l&#8217;abstraction&#8221;, pas mal d&#8217;artistes femmes aussi. Quelques \u0153uvres que j&#8217;ai aim\u00e9es\u2026 Un classique\u2026 La mari\u00e9e (Niki de Saint-Phalle, 1963), une gigantesque femme tout en blanc, mais qui d\u00e9gage une douleur, une tristesse, un emprisonnement, en tous les cas pas les sentiments qui collent \u00e0 une f\u00eate de mariage. Une d\u00e9couverte\u2026 Yaacov Agam et ses tableaux g\u00e9om\u00e9triques qui offrent une structure et des couleurs diff\u00e9rentes selon le point de vue avec notamment &#8220;Am\u00e9nagement de l&#8217;antichambre des appartements priv\u00e9s du Palais de l&#8217;Elys\u00e9e pour le pr\u00e9sident Georges Pompidou&#8221; (1972-1974), appel\u00e9 aussi &#8220;Salon Agam&#8221;, une pi\u00e8ce enti\u00e8re. Un tr\u00e8s beau mus\u00e9e, mais qui est toutefois aussi rempli d&#8217;\u0153uvres qui me font me questionner \u00e0 chaque fois sur les limites de l&#8217;art et ce qui fait que ces objets sont consid\u00e9r\u00e9s comme tels. \u00c0 noter que tout \u00e7a est expos\u00e9 dans un b\u00e2timent qui date de 1977, mais reste magnifique de l&#8217;ext\u00e9rieur, \u00e0 l&#8217;int\u00e9rieur et de l&#8217;int\u00e9rieur\u2026 une vue incroyable sur Paris, ville qui me tient tellement \u00e0 c\u0153ur.<\/p>\n\n\n\n<p class=\"wp-block-paragraph\">&#8220;<em>Parfois je suis pessimiste et je pense \u2013 la culture nous \u00e9l\u00e8ve au rang d&#8217;oies qu&#8217;on gave de culture &#8211; la culture sert \u00e0 avoir l&#8217;air intelligent quand on passe \u00e0 la t\u00e9l\u00e9 &#8211; la culture est un exercice d&#8217;\u00e9go\u00efstes jaloux les uns des autres &#8211; la culture n&#8217;est qu&#8217;une histoire de &#8220;tour op\u00e9rator&#8221; pour vous faire acheter des cartes postales \u2013 la culture des uns sert \u00e0 \u00e9touffer la culture des autres &#8211; la culture culpabilise (dans un mus\u00e9e vous faites silence, pas dans un bar) \u2013 la culture c&#8217;est la boursouflure qui accompagne le bruit des bottes &#8211; la culture doit vous faire croire que l&#8217;artiste est un \u00eatre sup\u00e9rieur &#8211; &#8211; La culture c&#8217;est le cadeau bonux de la soci\u00e9t\u00e9 de consommation &#8211; la culture c&#8217;est pour impressionner les pauvres &#8211; la culture sert de pr\u00e9texte \u00e0 envahir les autres peuples (pour leur apporter la culture) \u2013 la culture permet \u00e0 ceux qui savent de faire honte \u00e0 ceux qui ne savent pas. Parfois je suis optimiste et je pense &#8211; l&#8217;art c&#8217;est la d\u00e9couverte de l&#8217;autre &#8211; l&#8217;art est un cri de v\u00e9rit\u00e9 \u2013 l&#8217;art nous coupe le souffle &#8211; l&#8217;art nous fait rire aux larmes &#8211; l&#8217;art est une rencontre inoubliable \u2013 l&#8217;art nous fait d\u00e9couvrir nous-m\u00eames &#8211; l&#8217;art nous apporte ce qui nous manquait.&#8221; Ben<\/em><\/p>\n","protected":false},"excerpt":{"rendered":"<p>Ce mus\u00e9e revendique 120&#8217;000 \u0153uvres dans sa collection, la plus grande d\u2019Europe. Deux \u00e9tages envahis des plus grands artistes des XX\u1d49 et XXI\u1d49 si\u00e8cles. Et, pour faire \u00e9cho \u00e0 l&#8217;exposition &#8220;Elles font l&#8217;abstraction&#8221;, pas mal d&#8217;artistes femmes aussi. Quelques \u0153uvres que j&#8217;ai aim\u00e9es\u2026 Un classique\u2026 La mari\u00e9e (Niki de Saint-Phalle, 1963), une gigantesque femme tout [&hellip;]<\/p>\n","protected":false},"author":1,"featured_media":5605,"comment_status":"closed","ping_status":"open","sticky":false,"template":"","format":"standard","meta":{"_jetpack_newsletter_access":"","_jetpack_dont_email_post_to_subs":false,"_jetpack_newsletter_tier_id":0,"_jetpack_memberships_contains_paywalled_content":false,"_jetpack_feature_clip_id":0,"_jetpack_memberships_contains_paid_content":false,"footnotes":"","jetpack_post_was_ever_published":false},"categories":[117],"tags":[67,35,62],"class_list":["post-5604","post","type-post","status-publish","format-standard","has-post-thumbnail","hentry","category-exhibitions","tag-creativity","tag-passion","tag-quest"],"jetpack_sharing_enabled":true,"jetpack_featured_media_url":"https:\/\/i0.wp.com\/redheadwithabrain.ch\/wp-content\/uploads\/2021\/07\/jr-korpa-qbo3ZcfkGJI-unsplash-scaled.jpg?fit=2560%2C1706&ssl=1","_links":{"self":[{"href":"https:\/\/redheadwithabrain.ch\/index.php\/wp-json\/wp\/v2\/posts\/5604","targetHints":{"allow":["GET"]}}],"collection":[{"href":"https:\/\/redheadwithabrain.ch\/index.php\/wp-json\/wp\/v2\/posts"}],"about":[{"href":"https:\/\/redheadwithabrain.ch\/index.php\/wp-json\/wp\/v2\/types\/post"}],"author":[{"embeddable":true,"href":"https:\/\/redheadwithabrain.ch\/index.php\/wp-json\/wp\/v2\/users\/1"}],"replies":[{"embeddable":true,"href":"https:\/\/redheadwithabrain.ch\/index.php\/wp-json\/wp\/v2\/comments?post=5604"}],"version-history":[{"count":6,"href":"https:\/\/redheadwithabrain.ch\/index.php\/wp-json\/wp\/v2\/posts\/5604\/revisions"}],"predecessor-version":[{"id":7541,"href":"https:\/\/redheadwithabrain.ch\/index.php\/wp-json\/wp\/v2\/posts\/5604\/revisions\/7541"}],"wp:featuredmedia":[{"embeddable":true,"href":"https:\/\/redheadwithabrain.ch\/index.php\/wp-json\/wp\/v2\/media\/5605"}],"wp:attachment":[{"href":"https:\/\/redheadwithabrain.ch\/index.php\/wp-json\/wp\/v2\/media?parent=5604"}],"wp:term":[{"taxonomy":"category","embeddable":true,"href":"https:\/\/redheadwithabrain.ch\/index.php\/wp-json\/wp\/v2\/categories?post=5604"},{"taxonomy":"post_tag","embeddable":true,"href":"https:\/\/redheadwithabrain.ch\/index.php\/wp-json\/wp\/v2\/tags?post=5604"}],"curies":[{"name":"wp","href":"https:\/\/api.w.org\/{rel}","templated":true}]}}