{"id":5609,"date":"2021-07-24T15:24:08","date_gmt":"2021-07-24T13:24:08","guid":{"rendered":"https:\/\/redheadwithabrain.ch\/?p=5609"},"modified":"2021-08-03T08:47:58","modified_gmt":"2021-08-03T06:47:58","slug":"les-olmeques-et-les-cultures-du-golfe-du-mexique-musee-du-quai-branly-2021","status":"publish","type":"post","link":"https:\/\/redheadwithabrain.ch\/index.php\/2021\/07\/24\/les-olmeques-et-les-cultures-du-golfe-du-mexique-musee-du-quai-branly-2021\/","title":{"rendered":"Les Olm\u00e8ques et les cultures du golfe du Mexique &#8211; Mus\u00e9e du Quai Branly (2021)"},"content":{"rendered":"\n<p class=\"wp-block-paragraph\">Parmi les civilisations pr\u00e9colombiennes, on connait &#8220;bien&#8221; les Mayas, les Incas et les Azt\u00e8ques, mais moins les Olm\u00e8ques. Originaires du golfe du Mexique, portant un nom d\u00e9riv\u00e9 de Olman &#8220;pays du caoutchouc&#8221;, ils v\u00e9curent de  1600 av. \u00e8.c. jusqu\u2019\u00e0 100 ap. \u00e8.c environ. Ce pourrait bien \u00eatre la plus vieille civilisation m\u00e9soam\u00e9ricaine. Cette exposition rassemble 300 pi\u00e8ces, toutes plut\u00f4t \u00e9poustouflantes les unes que les autres. De nombreuses t\u00eates g\u00e9antes et des statues de personnages qui semblent tatou\u00e9s ou sacrifi\u00e9s. Tr\u00e8s beau.<\/p>\n\n\n\n<p class=\"wp-block-paragraph\"><em>&#8220;Le syst\u00e8me calendair du Compte long a longtemps \u00e9t\u00e9 consid\u00e9r\u00e9 comme \u00e9tant d&#8217;origine Maya. Avec la d\u00e9couverte de la st\u00e8le C de Tres Zapates, st\u00e8le bris\u00e9e dont la partie inf\u00e9rieure est pr\u00e9sent\u00e9e dans cette exposition, on consid\u00e8re maintenant qu&#8217;il serait d&#8217;origine olm\u00e8que. La date en Compte long inscrite sur la st\u00e8le est en effet l&#8217;une des premi\u00e8res inscriptions d\u00e9couvertes en dehors de l&#8217;aire Maya.&#8221;<\/em><\/p>\n","protected":false},"excerpt":{"rendered":"<p>Parmi les civilisations pr\u00e9colombiennes, on connait &#8220;bien&#8221; les Mayas, les Incas et les Azt\u00e8ques, mais moins les Olm\u00e8ques. Originaires du golfe du Mexique, portant un nom d\u00e9riv\u00e9 de Olman &#8220;pays du caoutchouc&#8221;, ils v\u00e9curent de 1600 av. \u00e8.c. jusqu\u2019\u00e0 100 ap. \u00e8.c environ. Ce pourrait bien \u00eatre la plus vieille civilisation m\u00e9soam\u00e9ricaine. Cette exposition rassemble [&hellip;]<\/p>\n","protected":false},"author":1,"featured_media":5612,"comment_status":"closed","ping_status":"open","sticky":false,"template":"","format":"standard","meta":{"_jetpack_newsletter_access":"","_jetpack_dont_email_post_to_subs":false,"_jetpack_newsletter_tier_id":0,"_jetpack_memberships_contains_paywalled_content":false,"_jetpack_feature_clip_id":0,"_jetpack_memberships_contains_paid_content":false,"footnotes":"","jetpack_post_was_ever_published":false},"categories":[117],"tags":[67,112,51],"class_list":["post-5609","post","type-post","status-publish","format-standard","has-post-thumbnail","hentry","category-exhibitions","tag-creativity","tag-history","tag-identity"],"jetpack_sharing_enabled":true,"jetpack_featured_media_url":"https:\/\/i0.wp.com\/redheadwithabrain.ch\/wp-content\/uploads\/2021\/07\/gadiel-lazcano-hpFfw9v5qHI-unsplash-scaled.jpg?fit=2560%2C1707&ssl=1","_links":{"self":[{"href":"https:\/\/redheadwithabrain.ch\/index.php\/wp-json\/wp\/v2\/posts\/5609","targetHints":{"allow":["GET"]}}],"collection":[{"href":"https:\/\/redheadwithabrain.ch\/index.php\/wp-json\/wp\/v2\/posts"}],"about":[{"href":"https:\/\/redheadwithabrain.ch\/index.php\/wp-json\/wp\/v2\/types\/post"}],"author":[{"embeddable":true,"href":"https:\/\/redheadwithabrain.ch\/index.php\/wp-json\/wp\/v2\/users\/1"}],"replies":[{"embeddable":true,"href":"https:\/\/redheadwithabrain.ch\/index.php\/wp-json\/wp\/v2\/comments?post=5609"}],"version-history":[{"count":5,"href":"https:\/\/redheadwithabrain.ch\/index.php\/wp-json\/wp\/v2\/posts\/5609\/revisions"}],"predecessor-version":[{"id":5633,"href":"https:\/\/redheadwithabrain.ch\/index.php\/wp-json\/wp\/v2\/posts\/5609\/revisions\/5633"}],"wp:featuredmedia":[{"embeddable":true,"href":"https:\/\/redheadwithabrain.ch\/index.php\/wp-json\/wp\/v2\/media\/5612"}],"wp:attachment":[{"href":"https:\/\/redheadwithabrain.ch\/index.php\/wp-json\/wp\/v2\/media?parent=5609"}],"wp:term":[{"taxonomy":"category","embeddable":true,"href":"https:\/\/redheadwithabrain.ch\/index.php\/wp-json\/wp\/v2\/categories?post=5609"},{"taxonomy":"post_tag","embeddable":true,"href":"https:\/\/redheadwithabrain.ch\/index.php\/wp-json\/wp\/v2\/tags?post=5609"}],"curies":[{"name":"wp","href":"https:\/\/api.w.org\/{rel}","templated":true}]}}