{"id":5623,"date":"2021-04-17T16:08:16","date_gmt":"2021-04-17T14:08:16","guid":{"rendered":"https:\/\/redheadwithabrain.ch\/index.php\/2021\/04\/17\/arboretum-du-vallon-de-laubonne-aubonne-2021\/"},"modified":"2024-01-09T13:23:51","modified_gmt":"2024-01-09T12:23:51","slug":"arboretum-du-vallon-de-laubonne-aubonne-2021","status":"publish","type":"post","link":"https:\/\/redheadwithabrain.ch\/index.php\/2021\/04\/17\/arboretum-du-vallon-de-laubonne-aubonne-2021\/","title":{"rendered":"Arboretum du Vallon de l&#8217;Aubonne &#8211; Aubonne (2021)"},"content":{"rendered":"\n<p class=\"wp-block-paragraph\">Je cite\u00a0: &#8220;Un arboretum est un site vou\u00e9 \u00e0 la conservation, \u00e0 la pr\u00e9sentation, \u00e0 la culture exp\u00e9rimentale et \u00e0 l&#8217;observation d&#8217;essences ligneuses foresti\u00e8res, ornementales et fruiti\u00e8res&#8221;. Bref, un grand parc, mais avec des panneaux qui nous indiquent ce qu&#8217;on voit. Plusieurs th\u00e9matiques, mais aujourd&#8217;hui c&#8217;est le Chemin du Lac et le Sentier de la For\u00eat japonaise qui a port\u00e9 nos pas. Peu de fleurs, pas tr\u00e8s japonais \u00e0 mon go\u00fbt, n\u00e9anmoins un parc magnifique avec de l&#8217;eau qui chante et des insectes qui volettent. Un parc auquel il faudrait aller plus souvent.<\/p>\n\n\n\n<p class=\"wp-block-paragraph\"><em>L&#8217;Arboretum du Vallon de l&#8217;Aubonne a \u00e9t\u00e9 cr\u00e9\u00e9 en 1968. Il s&#8217;\u00e9tend sur une superficie de quelque 130 ha comprise \u00e0 l&#8217;int\u00e9rieur d&#8217;un p\u00e9rim\u00e8tre agricole et forestier de 200 ha environ. Il compte pr\u00e8s de 4&#8217;000 plantes ligneuses.<\/em><\/p>\n","protected":false},"excerpt":{"rendered":"<p>Je cite\u00a0: &#8220;Un arboretum est un site vou\u00e9 \u00e0 la conservation, \u00e0 la pr\u00e9sentation, \u00e0 la culture exp\u00e9rimentale et \u00e0 l&#8217;observation d&#8217;essences ligneuses foresti\u00e8res, ornementales et fruiti\u00e8res&#8221;. Bref, un grand parc, mais avec des panneaux qui nous indiquent ce qu&#8217;on voit. Plusieurs th\u00e9matiques, mais aujourd&#8217;hui c&#8217;est le Chemin du Lac et le Sentier de la [&hellip;]<\/p>\n","protected":false},"author":1,"featured_media":5622,"comment_status":"closed","ping_status":"open","sticky":false,"template":"","format":"standard","meta":{"_jetpack_newsletter_access":"","_jetpack_dont_email_post_to_subs":false,"_jetpack_newsletter_tier_id":0,"_jetpack_memberships_contains_paywalled_content":false,"_jetpack_feature_clip_id":0,"_jetpack_memberships_contains_paid_content":false,"footnotes":"","jetpack_post_was_ever_published":false},"categories":[117],"tags":[74,28,29],"class_list":["post-5623","post","type-post","status-publish","format-standard","has-post-thumbnail","hentry","category-exhibitions","tag-environment","tag-nature","tag-trees"],"jetpack_sharing_enabled":true,"jetpack_featured_media_url":"https:\/\/i0.wp.com\/redheadwithabrain.ch\/wp-content\/uploads\/2021\/08\/olena-sergienko-3BlVILvh9hM-unsplash-scaled.jpg?fit=1440%2C2560&ssl=1","_links":{"self":[{"href":"https:\/\/redheadwithabrain.ch\/index.php\/wp-json\/wp\/v2\/posts\/5623","targetHints":{"allow":["GET"]}}],"collection":[{"href":"https:\/\/redheadwithabrain.ch\/index.php\/wp-json\/wp\/v2\/posts"}],"about":[{"href":"https:\/\/redheadwithabrain.ch\/index.php\/wp-json\/wp\/v2\/types\/post"}],"author":[{"embeddable":true,"href":"https:\/\/redheadwithabrain.ch\/index.php\/wp-json\/wp\/v2\/users\/1"}],"replies":[{"embeddable":true,"href":"https:\/\/redheadwithabrain.ch\/index.php\/wp-json\/wp\/v2\/comments?post=5623"}],"version-history":[{"count":3,"href":"https:\/\/redheadwithabrain.ch\/index.php\/wp-json\/wp\/v2\/posts\/5623\/revisions"}],"predecessor-version":[{"id":14328,"href":"https:\/\/redheadwithabrain.ch\/index.php\/wp-json\/wp\/v2\/posts\/5623\/revisions\/14328"}],"wp:featuredmedia":[{"embeddable":true,"href":"https:\/\/redheadwithabrain.ch\/index.php\/wp-json\/wp\/v2\/media\/5622"}],"wp:attachment":[{"href":"https:\/\/redheadwithabrain.ch\/index.php\/wp-json\/wp\/v2\/media?parent=5623"}],"wp:term":[{"taxonomy":"category","embeddable":true,"href":"https:\/\/redheadwithabrain.ch\/index.php\/wp-json\/wp\/v2\/categories?post=5623"},{"taxonomy":"post_tag","embeddable":true,"href":"https:\/\/redheadwithabrain.ch\/index.php\/wp-json\/wp\/v2\/tags?post=5623"}],"curies":[{"name":"wp","href":"https:\/\/api.w.org\/{rel}","templated":true}]}}