{"id":5625,"date":"2021-07-24T15:48:59","date_gmt":"2021-07-24T13:48:59","guid":{"rendered":"https:\/\/redheadwithabrain.ch\/?p=5625"},"modified":"2021-08-03T08:48:57","modified_gmt":"2021-08-03T06:48:57","slug":"musee-du-quai-branly-jacques-chirac-paris-2021","status":"publish","type":"post","link":"https:\/\/redheadwithabrain.ch\/index.php\/2021\/07\/24\/musee-du-quai-branly-jacques-chirac-paris-2021\/","title":{"rendered":"Mus\u00e9e du quai Branly &#8211; Jacques Chirac &#8211; Paris (2021)"},"content":{"rendered":"\n<p class=\"wp-block-paragraph\">Le mus\u00e9e du quai Branly a ouvert en 2006 sous l&#8217;\u00e9gide de Jacques Chirac. Ce mus\u00e9e a pour vocation de faire une place dans les mus\u00e9es pour les civilisations non-europ\u00e9ennes et leur art. Ce mus\u00e9e expos\u00e9 donc des \u0153uvres d&#8217;Asie, d&#8217;Afrique, des Am\u00e9riques et une tr\u00e8s grande partie avec des oeuvres d&#8217;Oc\u00e9anie. Les oeuvres peuvent \u00eatre anciennes mais beaucoup sont plut\u00f4t r\u00e9centes. Une collection vraiment riche, expos\u00e9e dans un mus\u00e9e magnifique. Mais la question de savoir si c&#8217;est du pillage de colonialiste ou si ce genre de mus\u00e9e est justifi\u00e9 reste enti\u00e8re&#8230; 1&#8217;375&#8217;385 pi\u00e8ces quand m\u00eame. <\/p>\n\n\n\n<p class=\"wp-block-paragraph\"><em>&#8220;Au c\u0153ur de notre d\u00e9marche, il y a le refus de l&#8217;ethnocentrisme, de cette pr\u00e9tention d\u00e9raisonnable de l&#8217;Occident \u00e0 porter, en lui seul, le destin de l&#8217;humanit\u00e9. Il y a le rejet de ce faux \u00e9volutionnisme qui pr\u00e9tend que certains peuples seraient comme fig\u00e9s \u00e0 un stade ant\u00e9rieur de l&#8217;\u00e9volution humaine, que leurs cultures dites &#8216;primitives&#8217; ne vaudraient que comme objets d&#8217;\u00e9tude pour l&#8217;ethnologue ou, au mieux, sources d&#8217;inspiration pour l&#8217;artiste occidental. Ce sont l\u00e0 des pr\u00e9jug\u00e9s absurdes et choquants. Ils doivent \u00eatre combattus. Car il n&#8217;existe pas plus de hi\u00e9rarchie entre les arts qu&#8217;il n&#8217;existe de hi\u00e9rarchie entre les peuples. C&#8217;est d&#8217;abord cette conviction, celle de l&#8217;\u00e9gale dignit\u00e9 des cultures du monde, qui fonde le Mus\u00e9e du quai Branly.&#8221; Jacques Chirac.<\/em><\/p><br><\/p>\n","protected":false},"excerpt":{"rendered":"<p>Le mus\u00e9e du quai Branly a ouvert en 2006 sous l&#8217;\u00e9gide de Jacques Chirac. Ce mus\u00e9e a pour vocation de faire une place dans les mus\u00e9es pour les civilisations non-europ\u00e9ennes et leur art. Ce mus\u00e9e expos\u00e9 donc des \u0153uvres d&#8217;Asie, d&#8217;Afrique, des Am\u00e9riques et une tr\u00e8s grande partie avec des oeuvres d&#8217;Oc\u00e9anie. Les oeuvres peuvent [&hellip;]<\/p>\n","protected":false},"author":1,"featured_media":5624,"comment_status":"closed","ping_status":"open","sticky":false,"template":"","format":"standard","meta":{"_jetpack_newsletter_access":"","_jetpack_dont_email_post_to_subs":false,"_jetpack_newsletter_tier_id":0,"_jetpack_memberships_contains_paywalled_content":false,"_jetpack_feature_clip_id":0,"_jetpack_memberships_contains_paid_content":false,"footnotes":"","jetpack_post_was_ever_published":false},"categories":[117],"tags":[67,112,51],"class_list":["post-5625","post","type-post","status-publish","format-standard","has-post-thumbnail","hentry","category-exhibitions","tag-creativity","tag-history","tag-identity"],"jetpack_sharing_enabled":true,"jetpack_featured_media_url":"https:\/\/i0.wp.com\/redheadwithabrain.ch\/wp-content\/uploads\/2021\/08\/matt-atherton-sUTZ280MFpc-unsplash-scaled.jpg?fit=1652%2C2560&ssl=1","_links":{"self":[{"href":"https:\/\/redheadwithabrain.ch\/index.php\/wp-json\/wp\/v2\/posts\/5625","targetHints":{"allow":["GET"]}}],"collection":[{"href":"https:\/\/redheadwithabrain.ch\/index.php\/wp-json\/wp\/v2\/posts"}],"about":[{"href":"https:\/\/redheadwithabrain.ch\/index.php\/wp-json\/wp\/v2\/types\/post"}],"author":[{"embeddable":true,"href":"https:\/\/redheadwithabrain.ch\/index.php\/wp-json\/wp\/v2\/users\/1"}],"replies":[{"embeddable":true,"href":"https:\/\/redheadwithabrain.ch\/index.php\/wp-json\/wp\/v2\/comments?post=5625"}],"version-history":[{"count":2,"href":"https:\/\/redheadwithabrain.ch\/index.php\/wp-json\/wp\/v2\/posts\/5625\/revisions"}],"predecessor-version":[{"id":5634,"href":"https:\/\/redheadwithabrain.ch\/index.php\/wp-json\/wp\/v2\/posts\/5625\/revisions\/5634"}],"wp:featuredmedia":[{"embeddable":true,"href":"https:\/\/redheadwithabrain.ch\/index.php\/wp-json\/wp\/v2\/media\/5624"}],"wp:attachment":[{"href":"https:\/\/redheadwithabrain.ch\/index.php\/wp-json\/wp\/v2\/media?parent=5625"}],"wp:term":[{"taxonomy":"category","embeddable":true,"href":"https:\/\/redheadwithabrain.ch\/index.php\/wp-json\/wp\/v2\/categories?post=5625"},{"taxonomy":"post_tag","embeddable":true,"href":"https:\/\/redheadwithabrain.ch\/index.php\/wp-json\/wp\/v2\/tags?post=5625"}],"curies":[{"name":"wp","href":"https:\/\/api.w.org\/{rel}","templated":true}]}}