{"id":6273,"date":"2021-08-27T15:51:00","date_gmt":"2021-08-27T13:51:00","guid":{"rendered":"https:\/\/redheadwithabrain.ch\/?p=6273"},"modified":"2021-09-05T21:30:52","modified_gmt":"2021-09-05T19:30:52","slug":"les-lavoirs-de-lyonne-venarey-les-laumes-a-brienon-sur-armancon-2021","status":"publish","type":"post","link":"https:\/\/redheadwithabrain.ch\/index.php\/2021\/08\/27\/les-lavoirs-de-lyonne-venarey-les-laumes-a-brienon-sur-armancon-2021\/","title":{"rendered":"Les lavoirs de l&#8217;Yonne &#8211; V\u00e9narey-les-Laumes \u00e0 Brienon-Sur-Arman\u00e7on (2021)"},"content":{"rendered":"\n<p class=\"wp-block-paragraph\">Le long du canal de Bourgogne, on y croise dans chaque ville ou village un ancien lavoir. Ces lavoirs apparaissent apr\u00e8s la R\u00e9volution fran\u00e7aise. Leur essor est li\u00e9 au mouvement hygi\u00e9niste, au fil des d\u00e9couvertes sur les \u00e9pid\u00e9mies, notamment celles du chol\u00e9ra en 1833 et 1849. Il faut donc se laver et laver son linge et la construction d&#8217;un lavoir dans les communes est donc consid\u00e9r\u00e9e comme une \u0153uvre civilisatrice. Plusieurs sites r\u00e9pertorient ses lavoirs : celui des <a href=\"http:\/\/mil.lavoirs.yonne.free.fr\/accueil_028.htm\">Lavoirs de l&#8217;Yonne<\/a> et le site <a href=\"https:\/\/www.lavoirs.org\/departement.php?code=89\">lavoir.org<\/a>, par exemple. Rien que pour l&#8217;Yonne, 735 lavoirs ont \u00e9t\u00e9 identifi\u00e9s et cette liste s&#8217;agrandit chaque ann\u00e9e. Nous en avons vu quelques-uns, ronds ou allong\u00e9s, avec ou sans chemin\u00e9e, chemin\u00e9e qui sert \u00e0 produire des cendres pour le blanchiment du linge, restaur\u00e9es ou en ruine. La Fosse Dionne est un joli lavoir, rond, profond, aliment\u00e9 par une source li\u00e9e \u00e0 une galerie qui n&#8217;a pas encore pu \u00eatre compl\u00e9tement explor\u00e9e. Le lavoir de Germigny est juste au bord du canal, mal entretenu mais h\u00e9bergeant une belle grenouille. Le lavoir de Saint-Florentin a lui a \u00e9t\u00e9 tristement convertit en maison communale. En regardant ces divers lavoirs, je me suis dit: &#8220;Merci Miele&#8221;.<\/p>\n\n\n\n<p class=\"wp-block-paragraph\">&#8220;<em>Depuis le 7<sup>e<\/sup>&nbsp;si\u00e8cle avant J.C., et probablement bien avant, les lavoirs existent. C&#8217;est un endroit aliment\u00e9 en eau en grande quantit\u00e9, d&#8217;origine naturelle. Pendant longtemps on a amen\u00e9 le linge au bord des rivi\u00e8res, des \u00e9tangs, des mares, des sources, ou m\u00eame des fontaines, en faisant parfois des kilom\u00e8tres. On lave le linge sur une simple planche ou une pierre inclin\u00e9e, mais pratiquement toujours sans abri et souvent en plein vent. Les b\u00e2timents d\u00e9di\u00e9s \u00e0 l&#8217;entretien du linge n&#8217;apparaissent, \u00e0 de rares exceptions pr\u00e8s, qu&#8217;\u00e0 partir du XVIIIe si\u00e8cle.<\/em>&#8220;<\/p>\n","protected":false},"excerpt":{"rendered":"<p>Le long du canal de Bourgogne, on y croise dans chaque ville ou village un ancien lavoir. Ces lavoirs apparaissent apr\u00e8s la R\u00e9volution fran\u00e7aise. Leur essor est li\u00e9 au mouvement hygi\u00e9niste, au fil des d\u00e9couvertes sur les \u00e9pid\u00e9mies, notamment celles du chol\u00e9ra en 1833 et 1849. Il faut donc se laver et laver son linge [&hellip;]<\/p>\n","protected":false},"author":1,"featured_media":6274,"comment_status":"closed","ping_status":"open","sticky":false,"template":"","format":"standard","meta":{"_jetpack_newsletter_access":"","_jetpack_dont_email_post_to_subs":false,"_jetpack_newsletter_tier_id":0,"_jetpack_memberships_contains_paywalled_content":false,"_jetpack_feature_clip_id":0,"_jetpack_memberships_contains_paid_content":false,"footnotes":"","jetpack_post_was_ever_published":false},"categories":[117],"tags":[112,39,32],"class_list":["post-6273","post","type-post","status-publish","format-standard","has-post-thumbnail","hentry","category-exhibitions","tag-history","tag-virus","tag-women"],"jetpack_sharing_enabled":true,"jetpack_featured_media_url":"https:\/\/i0.wp.com\/redheadwithabrain.ch\/wp-content\/uploads\/2021\/09\/20210827_154708-scaled.jpg?fit=2560%2C1920&ssl=1","_links":{"self":[{"href":"https:\/\/redheadwithabrain.ch\/index.php\/wp-json\/wp\/v2\/posts\/6273","targetHints":{"allow":["GET"]}}],"collection":[{"href":"https:\/\/redheadwithabrain.ch\/index.php\/wp-json\/wp\/v2\/posts"}],"about":[{"href":"https:\/\/redheadwithabrain.ch\/index.php\/wp-json\/wp\/v2\/types\/post"}],"author":[{"embeddable":true,"href":"https:\/\/redheadwithabrain.ch\/index.php\/wp-json\/wp\/v2\/users\/1"}],"replies":[{"embeddable":true,"href":"https:\/\/redheadwithabrain.ch\/index.php\/wp-json\/wp\/v2\/comments?post=6273"}],"version-history":[{"count":4,"href":"https:\/\/redheadwithabrain.ch\/index.php\/wp-json\/wp\/v2\/posts\/6273\/revisions"}],"predecessor-version":[{"id":6301,"href":"https:\/\/redheadwithabrain.ch\/index.php\/wp-json\/wp\/v2\/posts\/6273\/revisions\/6301"}],"wp:featuredmedia":[{"embeddable":true,"href":"https:\/\/redheadwithabrain.ch\/index.php\/wp-json\/wp\/v2\/media\/6274"}],"wp:attachment":[{"href":"https:\/\/redheadwithabrain.ch\/index.php\/wp-json\/wp\/v2\/media?parent=6273"}],"wp:term":[{"taxonomy":"category","embeddable":true,"href":"https:\/\/redheadwithabrain.ch\/index.php\/wp-json\/wp\/v2\/categories?post=6273"},{"taxonomy":"post_tag","embeddable":true,"href":"https:\/\/redheadwithabrain.ch\/index.php\/wp-json\/wp\/v2\/tags?post=6273"}],"curies":[{"name":"wp","href":"https:\/\/api.w.org\/{rel}","templated":true}]}}