{"id":6286,"date":"2021-08-27T20:37:00","date_gmt":"2021-08-27T18:37:00","guid":{"rendered":"https:\/\/redheadwithabrain.ch\/?p=6286"},"modified":"2021-09-05T21:31:51","modified_gmt":"2021-09-05T19:31:51","slug":"maisons-eclusieres-venarey-les-laumes-a-brienon-sur-armancon-2021","status":"publish","type":"post","link":"https:\/\/redheadwithabrain.ch\/index.php\/2021\/08\/27\/maisons-eclusieres-venarey-les-laumes-a-brienon-sur-armancon-2021\/","title":{"rendered":"Maisons eclusi\u00e8res &#8211; Venarey-les-Laumes \u00e0 Brienon-sur-Arman\u00e7on (2021)"},"content":{"rendered":"\n<p class=\"wp-block-paragraph\">Petite balade le long du canal de Bourgogne de Venarey-les-Laumes \u00e0 Brienon-sur-Arman\u00e7on avec cette jolie d\u00e9couverte des \u00e9cluses et surtout des maisons d&#8217;\u00e9cluses. Cinquante-six ecluses et autant de petites maisons, quasi toutes sur le m\u00eame mod\u00e8le, avec un jardin parfaitement entretenu faisant face au canal. Sur la fa\u00e7ade, le nom de l&#8217;\u00e9cluse et la distance pour atteindre les deux villes les plus proches en amont et en aval. Certaines de ces maisons sont habit\u00e9es, d&#8217;autres seulement exploit\u00e9es par les Voies Navigables de France (VNF) et quelques-unes \u00e0 l&#8217;abandon. Une revalorisation de ces maisons \u00e9clusi\u00e8res abandonn\u00e9es est en cours et \u00e7a fait assez envie. Petite retraite au bord de l&#8217;eau.<\/p>\n\n\n\n<p class=\"wp-block-paragraph\"><em>&#8220;Le programme Open Canal: redonner vie \u00e0 des maisons \u00e9clusi\u00e8res vacantes.<br>Ce canal concentre en effet 222 maisons sur les quelques 500&nbsp;maisons \u00e9clusi\u00e8res&nbsp;pr\u00e9sentes sur le territoire de&nbsp;VNF Centre-Bourgogne, soit pr\u00e8s de la moiti\u00e9. Sur ces 222&nbsp;maisons \u00e9clusi\u00e8res, 70 sont vacantes et ont \u00e9t\u00e9 int\u00e9gr\u00e9es \u00e0 la d\u00e9marche de&nbsp;valorisation&nbsp;baptis\u00e9e programme&nbsp;Open Canal.<br>Ce programme fait suite \u00e0 une \u00e9tude de&nbsp;valorisation&nbsp;sur les&nbsp;maisons \u00e9clusi\u00e8res&nbsp;du&nbsp;canal de Bourgogne&nbsp;qui avait mis en \u00e9vidence l\u2019important potentiel de ces maisons, qui semble aujourd\u2019hui m\u00e9connu et inexploit\u00e9 au vu de l\u2019attrait touristique&nbsp;que repr\u00e9sente le lin\u00e9aire. L\u2019id\u00e9e est venue de faciliter la mise en relation entre&nbsp;VNF&nbsp;et des&nbsp;porteurs de projets, priv\u00e9s ou publics, avec une activit\u00e9 d\u00e9j\u00e0 existante ou non, et de soutenir la mise en place d\u2019initiatives le long du&nbsp;canal. Les 70 maisons attendent de reprendre vie autour de divers projets&nbsp;:&nbsp;touristique, agricole, culturel, social, de restauration, d\u2019h\u00e9bergement\u2026, ou toute autre activit\u00e9 qui saura s\u2019int\u00e9grer au capital culturel du&nbsp;canal de Bourgogne.&#8221;<\/em><\/p>\n","protected":false},"excerpt":{"rendered":"<p>Petite balade le long du canal de Bourgogne de Venarey-les-Laumes \u00e0 Brienon-sur-Arman\u00e7on avec cette jolie d\u00e9couverte des \u00e9cluses et surtout des maisons d&#8217;\u00e9cluses. Cinquante-six ecluses et autant de petites maisons, quasi toutes sur le m\u00eame mod\u00e8le, avec un jardin parfaitement entretenu faisant face au canal. Sur la fa\u00e7ade, le nom de l&#8217;\u00e9cluse et la distance [&hellip;]<\/p>\n","protected":false},"author":1,"featured_media":6287,"comment_status":"closed","ping_status":"closed","sticky":false,"template":"","format":"standard","meta":{"_jetpack_newsletter_access":"","_jetpack_dont_email_post_to_subs":false,"_jetpack_newsletter_tier_id":0,"_jetpack_memberships_contains_paywalled_content":false,"_jetpack_feature_clip_id":0,"_jetpack_memberships_contains_paid_content":false,"footnotes":"","jetpack_post_was_ever_published":false},"categories":[117],"tags":[112,83],"class_list":["post-6286","post","type-post","status-publish","format-standard","has-post-thumbnail","hentry","category-exhibitions","tag-history","tag-water"],"jetpack_sharing_enabled":true,"jetpack_featured_media_url":"https:\/\/i0.wp.com\/redheadwithabrain.ch\/wp-content\/uploads\/2021\/09\/20210823_133252-scaled.jpg?fit=2560%2C1920&ssl=1","_links":{"self":[{"href":"https:\/\/redheadwithabrain.ch\/index.php\/wp-json\/wp\/v2\/posts\/6286","targetHints":{"allow":["GET"]}}],"collection":[{"href":"https:\/\/redheadwithabrain.ch\/index.php\/wp-json\/wp\/v2\/posts"}],"about":[{"href":"https:\/\/redheadwithabrain.ch\/index.php\/wp-json\/wp\/v2\/types\/post"}],"author":[{"embeddable":true,"href":"https:\/\/redheadwithabrain.ch\/index.php\/wp-json\/wp\/v2\/users\/1"}],"replies":[{"embeddable":true,"href":"https:\/\/redheadwithabrain.ch\/index.php\/wp-json\/wp\/v2\/comments?post=6286"}],"version-history":[{"count":3,"href":"https:\/\/redheadwithabrain.ch\/index.php\/wp-json\/wp\/v2\/posts\/6286\/revisions"}],"predecessor-version":[{"id":6302,"href":"https:\/\/redheadwithabrain.ch\/index.php\/wp-json\/wp\/v2\/posts\/6286\/revisions\/6302"}],"wp:featuredmedia":[{"embeddable":true,"href":"https:\/\/redheadwithabrain.ch\/index.php\/wp-json\/wp\/v2\/media\/6287"}],"wp:attachment":[{"href":"https:\/\/redheadwithabrain.ch\/index.php\/wp-json\/wp\/v2\/media?parent=6286"}],"wp:term":[{"taxonomy":"category","embeddable":true,"href":"https:\/\/redheadwithabrain.ch\/index.php\/wp-json\/wp\/v2\/categories?post=6286"},{"taxonomy":"post_tag","embeddable":true,"href":"https:\/\/redheadwithabrain.ch\/index.php\/wp-json\/wp\/v2\/tags?post=6286"}],"curies":[{"name":"wp","href":"https:\/\/api.w.org\/{rel}","templated":true}]}}