{"id":6314,"date":"2021-09-24T17:03:33","date_gmt":"2021-09-24T15:03:33","guid":{"rendered":"https:\/\/redheadwithabrain.ch\/?p=6314"},"modified":"2021-09-26T22:28:08","modified_gmt":"2021-09-26T20:28:08","slug":"injustice-environnementalealternatives-autochtones","status":"publish","type":"post","link":"https:\/\/redheadwithabrain.ch\/index.php\/2021\/09\/24\/injustice-environnementalealternatives-autochtones\/","title":{"rendered":"Injustice environnementale &#8211; Alternatives autochtones &#8211; Mus\u00e9e d&#8217;ethnographie de Gen\u00e8ve (2021)"},"content":{"rendered":"\n<p class=\"wp-block-paragraph\">Une exposition au Mus\u00e9e d&#8217;ethnographie de Gen\u00e8ve qui interroge l&#8217;urgence climatique au travers des peuples autochtones qui sont les premiers touch\u00e9s par ces changements de climat. Une narration en quatre volets\u00a0: le temps du soin et de la r\u00e9paration, le temps de la crise, le temps de la rencontre et le temps des responsabilit\u00e9s r\u00e9ciproques. Une exposition qui est une loupe sur ces presque 5000 peuples autochtones, repr\u00e9sentants 500 millions de personnes de par le monde, qui vivent au plus pr\u00e8s de la terre de leurs anc\u00eatres et sont menac\u00e9s par la destruction de leurs territoires. Des peuples dont il y a beaucoup \u00e0 apprendre pour prot\u00e9ger et gu\u00e9rir cette Terre. Une exposition poignante. <\/p>\n\n\n\n<p class=\"wp-block-paragraph\"><em>&#8220;Les peuples autochtones ont connu le g\u00e9nocide, l&#8217;esclavage, les d\u00e9placements forc\u00e9s, la d\u00e9possession de leurs terres et de leurs ressources, le racisme et les violations des droits humaines depuis le d\u00e9but de la colonisation europ\u00e9enne \u00e0 travers le monde.&#8221;<\/em><\/p>\n","protected":false},"excerpt":{"rendered":"<p>Une exposition au Mus\u00e9e d&#8217;ethnographie de Gen\u00e8ve qui interroge l&#8217;urgence climatique au travers des peuples autochtones qui sont les premiers touch\u00e9s par ces changements de climat. Une narration en quatre volets\u00a0: le temps du soin et de la r\u00e9paration, le temps de la crise, le temps de la rencontre et le temps des responsabilit\u00e9s r\u00e9ciproques. [&hellip;]<\/p>\n","protected":false},"author":1,"featured_media":6317,"comment_status":"closed","ping_status":"open","sticky":false,"template":"","format":"standard","meta":{"_jetpack_newsletter_access":"","_jetpack_dont_email_post_to_subs":false,"_jetpack_newsletter_tier_id":0,"_jetpack_memberships_contains_paywalled_content":false,"_jetpack_feature_clip_id":0,"_jetpack_memberships_contains_paid_content":false,"footnotes":"","jetpack_post_was_ever_published":false},"categories":[117],"tags":[74,51,13],"class_list":["post-6314","post","type-post","status-publish","format-standard","has-post-thumbnail","hentry","category-exhibitions","tag-environment","tag-identity","tag-resilience"],"jetpack_sharing_enabled":true,"jetpack_featured_media_url":"https:\/\/i0.wp.com\/redheadwithabrain.ch\/wp-content\/uploads\/2021\/09\/expo31_0.jpg?fit=941%2C637&ssl=1","_links":{"self":[{"href":"https:\/\/redheadwithabrain.ch\/index.php\/wp-json\/wp\/v2\/posts\/6314","targetHints":{"allow":["GET"]}}],"collection":[{"href":"https:\/\/redheadwithabrain.ch\/index.php\/wp-json\/wp\/v2\/posts"}],"about":[{"href":"https:\/\/redheadwithabrain.ch\/index.php\/wp-json\/wp\/v2\/types\/post"}],"author":[{"embeddable":true,"href":"https:\/\/redheadwithabrain.ch\/index.php\/wp-json\/wp\/v2\/users\/1"}],"replies":[{"embeddable":true,"href":"https:\/\/redheadwithabrain.ch\/index.php\/wp-json\/wp\/v2\/comments?post=6314"}],"version-history":[{"count":3,"href":"https:\/\/redheadwithabrain.ch\/index.php\/wp-json\/wp\/v2\/posts\/6314\/revisions"}],"predecessor-version":[{"id":6358,"href":"https:\/\/redheadwithabrain.ch\/index.php\/wp-json\/wp\/v2\/posts\/6314\/revisions\/6358"}],"wp:featuredmedia":[{"embeddable":true,"href":"https:\/\/redheadwithabrain.ch\/index.php\/wp-json\/wp\/v2\/media\/6317"}],"wp:attachment":[{"href":"https:\/\/redheadwithabrain.ch\/index.php\/wp-json\/wp\/v2\/media?parent=6314"}],"wp:term":[{"taxonomy":"category","embeddable":true,"href":"https:\/\/redheadwithabrain.ch\/index.php\/wp-json\/wp\/v2\/categories?post=6314"},{"taxonomy":"post_tag","embeddable":true,"href":"https:\/\/redheadwithabrain.ch\/index.php\/wp-json\/wp\/v2\/tags?post=6314"}],"curies":[{"name":"wp","href":"https:\/\/api.w.org\/{rel}","templated":true}]}}