{"id":6372,"date":"2021-09-25T13:17:00","date_gmt":"2021-09-25T11:17:00","guid":{"rendered":"https:\/\/redheadwithabrain.ch\/?p=6372"},"modified":"2022-07-14T13:15:30","modified_gmt":"2022-07-14T11:15:30","slug":"contes-et-legendes-sandrine-deloffre-2021","status":"publish","type":"post","link":"https:\/\/redheadwithabrain.ch\/index.php\/2021\/09\/25\/contes-et-legendes-sandrine-deloffre-2021\/","title":{"rendered":"Contes et l\u00e9gendes \u2013 Sandrine Deloffre (2021)"},"content":{"rendered":"\n<p class=\"wp-block-paragraph\">Une anthologie des jolis contes de notre enfance, Blanche Neige et les sept nains, la Belle au Bois Dormant, Pinocchio\u2026 des histoires de dragons et de sir\u00e8nes. Mais tous r\u00e9interpr\u00e9t\u00e9s avec beaucoup d&#8217;humour et de d\u00e9rision. Le miroir qui dit \u00e0 la m\u00e9chante mar\u00e2tre qu&#8217;elle n&#8217;est belle ni de l&#8217;ext\u00e9rieur ni de l&#8217;int\u00e9rieur, les sept nains qui sont outr\u00e9s que le Prince charmant veuille embrasser une jeune fille endormie, un Merlin qui veut qu&#8217;on lui lave ses slips. Une petite demi-heure de jolis rires.<\/p>\n\n\n\n<p class=\"wp-block-paragraph\"><em>&#8220;- \u2026 simplet, prof, grincheux, dormeur, \u2026 et Michel.<br>&#8211; ha c&#8217;est marrant, pourquoi son nom c&#8217;est pas un adjectif ?<br>&#8211; parce qu&#8217;il n&#8217;a pas de personnalit\u00e9.<br>&#8211; j&#8217;adore vianney, raclette ce soir ?&#8221;<\/em><\/p>\n\n\n\n<figure class=\"wp-block-image size-large\"><img data-recalc-dims=\"1\" loading=\"lazy\" decoding=\"async\" width=\"967\" height=\"1024\" src=\"https:\/\/i0.wp.com\/redheadwithabrain.ch\/wp-content\/uploads\/2021\/09\/20220122_100142_2.jpg?resize=967%2C1024&#038;ssl=1\" alt=\"\" class=\"wp-image-10036\" srcset=\"https:\/\/i0.wp.com\/redheadwithabrain.ch\/wp-content\/uploads\/2021\/09\/20220122_100142_2-scaled.jpg?resize=967%2C1024&amp;ssl=1 967w, https:\/\/i0.wp.com\/redheadwithabrain.ch\/wp-content\/uploads\/2021\/09\/20220122_100142_2-scaled.jpg?resize=283%2C300&amp;ssl=1 283w, https:\/\/i0.wp.com\/redheadwithabrain.ch\/wp-content\/uploads\/2021\/09\/20220122_100142_2-scaled.jpg?resize=768%2C814&amp;ssl=1 768w, https:\/\/i0.wp.com\/redheadwithabrain.ch\/wp-content\/uploads\/2021\/09\/20220122_100142_2-scaled.jpg?resize=1450%2C1536&amp;ssl=1 1450w, https:\/\/i0.wp.com\/redheadwithabrain.ch\/wp-content\/uploads\/2021\/09\/20220122_100142_2-scaled.jpg?resize=1933%2C2048&amp;ssl=1 1933w, https:\/\/i0.wp.com\/redheadwithabrain.ch\/wp-content\/uploads\/2021\/09\/20220122_100142_2-scaled.jpg?w=2000&amp;ssl=1 2000w\" sizes=\"auto, (max-width: 967px) 100vw, 967px\" \/><\/figure>\n","protected":false},"excerpt":{"rendered":"<p>Une anthologie des jolis contes de notre enfance, Blanche Neige et les sept nains, la Belle au Bois Dormant, Pinocchio\u2026 des histoires de dragons et de sir\u00e8nes. Mais tous r\u00e9interpr\u00e9t\u00e9s avec beaucoup d&#8217;humour et de d\u00e9rision. Le miroir qui dit \u00e0 la m\u00e9chante mar\u00e2tre qu&#8217;elle n&#8217;est belle ni de l&#8217;ext\u00e9rieur ni de l&#8217;int\u00e9rieur, les sept [&hellip;]<\/p>\n","protected":false},"author":1,"featured_media":6373,"comment_status":"closed","ping_status":"open","sticky":false,"template":"","format":"standard","meta":{"_jetpack_newsletter_access":"","_jetpack_dont_email_post_to_subs":false,"_jetpack_newsletter_tier_id":0,"_jetpack_memberships_contains_paywalled_content":false,"_jetpack_feature_clip_id":0,"_jetpack_memberships_contains_paid_content":false,"footnotes":"","jetpack_post_was_ever_published":false},"categories":[103],"tags":[42,133,47],"class_list":["post-6372","post","type-post","status-publish","format-standard","has-post-thumbnail","hentry","category-graphic-2021","tag-childhood","tag-derision","tag-humour"],"jetpack_sharing_enabled":true,"jetpack_featured_media_url":"https:\/\/i0.wp.com\/redheadwithabrain.ch\/wp-content\/uploads\/2021\/09\/priscilla-du-preez-CoqJGsFVJtM-unsplash-scaled.jpg?fit=2560%2C1707&ssl=1","_links":{"self":[{"href":"https:\/\/redheadwithabrain.ch\/index.php\/wp-json\/wp\/v2\/posts\/6372","targetHints":{"allow":["GET"]}}],"collection":[{"href":"https:\/\/redheadwithabrain.ch\/index.php\/wp-json\/wp\/v2\/posts"}],"about":[{"href":"https:\/\/redheadwithabrain.ch\/index.php\/wp-json\/wp\/v2\/types\/post"}],"author":[{"embeddable":true,"href":"https:\/\/redheadwithabrain.ch\/index.php\/wp-json\/wp\/v2\/users\/1"}],"replies":[{"embeddable":true,"href":"https:\/\/redheadwithabrain.ch\/index.php\/wp-json\/wp\/v2\/comments?post=6372"}],"version-history":[{"count":2,"href":"https:\/\/redheadwithabrain.ch\/index.php\/wp-json\/wp\/v2\/posts\/6372\/revisions"}],"predecessor-version":[{"id":10037,"href":"https:\/\/redheadwithabrain.ch\/index.php\/wp-json\/wp\/v2\/posts\/6372\/revisions\/10037"}],"wp:featuredmedia":[{"embeddable":true,"href":"https:\/\/redheadwithabrain.ch\/index.php\/wp-json\/wp\/v2\/media\/6373"}],"wp:attachment":[{"href":"https:\/\/redheadwithabrain.ch\/index.php\/wp-json\/wp\/v2\/media?parent=6372"}],"wp:term":[{"taxonomy":"category","embeddable":true,"href":"https:\/\/redheadwithabrain.ch\/index.php\/wp-json\/wp\/v2\/categories?post=6372"},{"taxonomy":"post_tag","embeddable":true,"href":"https:\/\/redheadwithabrain.ch\/index.php\/wp-json\/wp\/v2\/tags?post=6372"}],"curies":[{"name":"wp","href":"https:\/\/api.w.org\/{rel}","templated":true}]}}