{"id":7432,"date":"2021-10-05T17:40:00","date_gmt":"2021-10-05T15:40:00","guid":{"rendered":"https:\/\/redheadwithabrain.ch\/?p=7432"},"modified":"2021-10-19T21:15:48","modified_gmt":"2021-10-19T19:15:48","slug":"la-fabrique-des-pervers-sophie-chauveau-2021","status":"publish","type":"post","link":"https:\/\/redheadwithabrain.ch\/index.php\/2021\/10\/05\/la-fabrique-des-pervers-sophie-chauveau-2021\/","title":{"rendered":"La fabrique des pervers &#8211; Sophie Chauveau (2021)"},"content":{"rendered":"\n<p class=\"wp-block-paragraph\">Invit\u00e9e par la Soci\u00e9t\u00e9 de Lecture de Gen\u00e8ve le 5 octobre 2021, Sophie Chauveau nous parle de son roman &#8220;La fabrique des pervers&#8221; publi\u00e9 en 2016. Elle y raconte l&#8217;histoire de sa famille, une famille d\u2019abuseurs et de victimes sur trois g\u00e9n\u00e9rations. Un inceste perp\u00e9tr\u00e9 par tous les m\u00e2les de la famille et pr\u00e9sent\u00e9 comme une normalit\u00e9, une tradition familiale. Dans cet entretien, elle parle de la d\u00e9couverte de ce qu\u2019elle a v\u00e9cu, petit \u00e0 petit, et du fait que ce livre n\u2019est pas une th\u00e9rapie, qu\u2019elle a d\u00fb d\u2019abord passer au travers de sa propre th\u00e9rapie pour pouvoir accepter et pardonner avant d\u2019\u00e9crire ce livre. \u00c7a transparait tr\u00e8s fort dans sa fa\u00e7on d\u2019en parler\u2026 pos\u00e9ment, sereinement. Un tr\u00e8s bel entretien men\u00e9 tout en finesse et sensibilit\u00e9 par Patrick Ferla.<\/p>\n\n\n\n<p class=\"wp-block-paragraph\"><em>&#8220;Et apr\u00e8s je cherchais le myst\u00e8re. Je suis m\u00e8re. Quelqu&#8217;un qui touche mes enfants, les serrures sont chang\u00e9es dans la minute, il ne revoit pas mes enfants, jamais quoi. Mais comment c&#8217;est possible ? Donc j&#8217;ai interrog\u00e9 la complicit\u00e9 des m\u00e8res, ce qu&#8217;elles avaient \u00e0 perdre en d\u00e9non\u00e7ant. C&#8217;est compliqu\u00e9&#8221;<\/em><\/p>\n","protected":false},"excerpt":{"rendered":"<p>Invit\u00e9e par la Soci\u00e9t\u00e9 de Lecture de Gen\u00e8ve le 5 octobre 2021, Sophie Chauveau nous parle de son roman &#8220;La fabrique des pervers&#8221; publi\u00e9 en 2016. Elle y raconte l&#8217;histoire de sa famille, une famille d\u2019abuseurs et de victimes sur trois g\u00e9n\u00e9rations. Un inceste perp\u00e9tr\u00e9 par tous les m\u00e2les de la famille et pr\u00e9sent\u00e9 comme [&hellip;]<\/p>\n","protected":false},"author":1,"featured_media":7434,"comment_status":"closed","ping_status":"open","sticky":false,"template":"","format":"standard","meta":{"_jetpack_newsletter_access":"","_jetpack_dont_email_post_to_subs":false,"_jetpack_newsletter_tier_id":0,"_jetpack_memberships_contains_paywalled_content":false,"_jetpack_feature_clip_id":0,"_jetpack_memberships_contains_paid_content":false,"footnotes":"","jetpack_post_was_ever_published":false},"categories":[96],"tags":[111,42,31],"class_list":["post-7432","post","type-post","status-publish","format-standard","has-post-thumbnail","hentry","category-conferences","tag-abuse","tag-childhood","tag-family"],"jetpack_sharing_enabled":true,"jetpack_featured_media_url":"https:\/\/i0.wp.com\/redheadwithabrain.ch\/wp-content\/uploads\/2021\/10\/oskaras-verbickas-PRllh5FjYgI-unsplash-scaled.jpg?fit=1696%2C2560&ssl=1","_links":{"self":[{"href":"https:\/\/redheadwithabrain.ch\/index.php\/wp-json\/wp\/v2\/posts\/7432","targetHints":{"allow":["GET"]}}],"collection":[{"href":"https:\/\/redheadwithabrain.ch\/index.php\/wp-json\/wp\/v2\/posts"}],"about":[{"href":"https:\/\/redheadwithabrain.ch\/index.php\/wp-json\/wp\/v2\/types\/post"}],"author":[{"embeddable":true,"href":"https:\/\/redheadwithabrain.ch\/index.php\/wp-json\/wp\/v2\/users\/1"}],"replies":[{"embeddable":true,"href":"https:\/\/redheadwithabrain.ch\/index.php\/wp-json\/wp\/v2\/comments?post=7432"}],"version-history":[{"count":5,"href":"https:\/\/redheadwithabrain.ch\/index.php\/wp-json\/wp\/v2\/posts\/7432\/revisions"}],"predecessor-version":[{"id":7457,"href":"https:\/\/redheadwithabrain.ch\/index.php\/wp-json\/wp\/v2\/posts\/7432\/revisions\/7457"}],"wp:featuredmedia":[{"embeddable":true,"href":"https:\/\/redheadwithabrain.ch\/index.php\/wp-json\/wp\/v2\/media\/7434"}],"wp:attachment":[{"href":"https:\/\/redheadwithabrain.ch\/index.php\/wp-json\/wp\/v2\/media?parent=7432"}],"wp:term":[{"taxonomy":"category","embeddable":true,"href":"https:\/\/redheadwithabrain.ch\/index.php\/wp-json\/wp\/v2\/categories?post=7432"},{"taxonomy":"post_tag","embeddable":true,"href":"https:\/\/redheadwithabrain.ch\/index.php\/wp-json\/wp\/v2\/tags?post=7432"}],"curies":[{"name":"wp","href":"https:\/\/api.w.org\/{rel}","templated":true}]}}