{"id":7451,"date":"2021-10-11T17:14:00","date_gmt":"2021-10-11T15:14:00","guid":{"rendered":"https:\/\/redheadwithabrain.ch\/?p=7451"},"modified":"2021-11-01T20:35:28","modified_gmt":"2021-11-01T19:35:28","slug":"the-peacemakers-karl-jenkins-2011","status":"publish","type":"post","link":"https:\/\/redheadwithabrain.ch\/index.php\/2021\/10\/11\/the-peacemakers-karl-jenkins-2011\/","title":{"rendered":"The Peacemakers \u2013 Karl Jenkins (2011)"},"content":{"rendered":"\n<p class=\"wp-block-paragraph\">Cette \u0153uvre \u00e9crite en 2011 est inspir\u00e9e par le th\u00e8me de la paix dans le monde et plus sp\u00e9cifiquement d\u00e9di\u00e9e aux artisans de cette paix. Les 17 morceaux reprennent des textes de ces personnes, par exemple, Mahatma Gandhi, le Dalai Lama, Anne Franck, et des textes religieux. Cette ex\u00e9cution a \u00e9t\u00e9 jou\u00e9e au Victoria Hall et \u00e0 la Cath\u00e9drale de Lausanne par la Sinfonietta de Lausanne et avec trois ch\u0153urs distincts, Ars Vocalis, l&#8217;ensemble Auralis, form\u00e9 de jeunes de 16 \u00e0 26 ans et la Ma\u00eetrise du Conservatoire populaire de musique, th\u00e9\u00e2tre et danse de Gen\u00e8ve form\u00e9 de jeunes jusqu\u2019\u00e0 16 ans. Une \u0153uvre difficile \u00e0 classer, classique avec des sonorit\u00e9s ethniques, voire bizarres dues au m\u00e9lange des instruments classiques et des instruments inhabituels dans ce contexte, basse \u00e9lectrique ou tin whistle. Les ch\u0153urs \u00e9taient eux magnifiques et le Victoria Hall aussi beau que d&#8217;habitude.  <\/p>\n\n\n\n<p class=\"has-text-align-center wp-block-paragraph\"><em>&#8220;I offer you peace. I offer you love.<\/em><br><em>I offer you friendship. I see your beauty.<br>I hear your need. I feel your feelings.<br>My wisdom flows from the Highest Source.<br>I salute that Source in you.<br>Let us work together for unity and love&#8230;<br>An eye for an eye leaves the whole world blind.&#8221;<\/em><\/p>\n","protected":false},"excerpt":{"rendered":"<p>Cette \u0153uvre \u00e9crite en 2011 est inspir\u00e9e par le th\u00e8me de la paix dans le monde et plus sp\u00e9cifiquement d\u00e9di\u00e9e aux artisans de cette paix. Les 17 morceaux reprennent des textes de ces personnes, par exemple, Mahatma Gandhi, le Dalai Lama, Anne Franck, et des textes religieux. Cette ex\u00e9cution a \u00e9t\u00e9 jou\u00e9e au Victoria Hall [&hellip;]<\/p>\n","protected":false},"author":1,"featured_media":7452,"comment_status":"closed","ping_status":"open","sticky":false,"template":"","format":"standard","meta":{"_jetpack_newsletter_access":"","_jetpack_dont_email_post_to_subs":false,"_jetpack_newsletter_tier_id":0,"_jetpack_memberships_contains_paywalled_content":false,"_jetpack_feature_clip_id":0,"_jetpack_memberships_contains_paid_content":false,"footnotes":"","jetpack_post_was_ever_published":false},"categories":[3],"tags":[19,135,13],"class_list":["post-7451","post","type-post","status-publish","format-standard","has-post-thumbnail","hentry","category-concerts","tag-love","tag-peace","tag-resilience"],"jetpack_sharing_enabled":true,"jetpack_featured_media_url":"https:\/\/i0.wp.com\/redheadwithabrain.ch\/wp-content\/uploads\/2021\/10\/jonathan-meyer-e9IHjxScV48-unsplash-scaled-e1634829131554.jpg?fit=2560%2C1555&ssl=1","_links":{"self":[{"href":"https:\/\/redheadwithabrain.ch\/index.php\/wp-json\/wp\/v2\/posts\/7451","targetHints":{"allow":["GET"]}}],"collection":[{"href":"https:\/\/redheadwithabrain.ch\/index.php\/wp-json\/wp\/v2\/posts"}],"about":[{"href":"https:\/\/redheadwithabrain.ch\/index.php\/wp-json\/wp\/v2\/types\/post"}],"author":[{"embeddable":true,"href":"https:\/\/redheadwithabrain.ch\/index.php\/wp-json\/wp\/v2\/users\/1"}],"replies":[{"embeddable":true,"href":"https:\/\/redheadwithabrain.ch\/index.php\/wp-json\/wp\/v2\/comments?post=7451"}],"version-history":[{"count":4,"href":"https:\/\/redheadwithabrain.ch\/index.php\/wp-json\/wp\/v2\/posts\/7451\/revisions"}],"predecessor-version":[{"id":7568,"href":"https:\/\/redheadwithabrain.ch\/index.php\/wp-json\/wp\/v2\/posts\/7451\/revisions\/7568"}],"wp:featuredmedia":[{"embeddable":true,"href":"https:\/\/redheadwithabrain.ch\/index.php\/wp-json\/wp\/v2\/media\/7452"}],"wp:attachment":[{"href":"https:\/\/redheadwithabrain.ch\/index.php\/wp-json\/wp\/v2\/media?parent=7451"}],"wp:term":[{"taxonomy":"category","embeddable":true,"href":"https:\/\/redheadwithabrain.ch\/index.php\/wp-json\/wp\/v2\/categories?post=7451"},{"taxonomy":"post_tag","embeddable":true,"href":"https:\/\/redheadwithabrain.ch\/index.php\/wp-json\/wp\/v2\/tags?post=7451"}],"curies":[{"name":"wp","href":"https:\/\/api.w.org\/{rel}","templated":true}]}}