{"id":7464,"date":"2021-10-10T12:40:00","date_gmt":"2021-10-10T10:40:00","guid":{"rendered":"https:\/\/redheadwithabrain.ch\/?p=7464"},"modified":"2021-10-21T13:25:11","modified_gmt":"2021-10-21T11:25:11","slug":"le-grand-bazar-de-levolution-conservatoire-et-jardin-botanique-de-geneve-2021","status":"publish","type":"post","link":"https:\/\/redheadwithabrain.ch\/index.php\/2021\/10\/10\/le-grand-bazar-de-levolution-conservatoire-et-jardin-botanique-de-geneve-2021\/","title":{"rendered":"Le grand bazar de l&#8217;\u00e9volution &#8211; Conservatoire et jardin botanique de Gen\u00e8ve (2021)"},"content":{"rendered":"\n<p class=\"wp-block-paragraph\">Une exposition qui commence au milieu du lac pour permettre de se rendre compte que l&#8217;\u00e9volution est longtemps rest\u00e9e dans l&#8217;eau et que nous \u00eatres humains ne repr\u00e9sentons qu&#8217;une toute petite partie de cette \u00e9volution. Une frise temporelle de 641 m\u00e8tres depuis la formation de la Terre et o\u00f9 nous ne sommes pr\u00e9sents que sur les quatre derniers centim\u00e8tres. Rien. L&#8217;exposition explique avec de belles affiches et tr\u00e8s clairement comment apparait la diversit\u00e9, et les variations, les modes de transmission et les interactions qui modulent cette diversit\u00e9. Tr\u00e8s belle exposition qui, de fa\u00e7on incontournable et tr\u00e8s justement, termine sur un petit rappel\u00a0: &#8220;Nous avons aujourd\u2019hui un impact immense sur cette biodiversit\u00e9. En prendre soin et la pr\u00e9server revient \u00e0 prendre soin de nous-m\u00eames. Nous en avons tant besoin\u2009!&#8221; Effectivement, nous en avons tant besoin.<\/p>\n\n\n\n<p class=\"wp-block-paragraph\"><em>&#8220;L\u2019\u00e9volution n\u2019est ni morale ni pr\u00e9dictible. Ni belle ni moche. Elle ne m\u00e8ne jamais \u00e0 la perfection et tend vers une adaptation minimale des organismes \u00e0 leur milieu. Elle fait feu de tout bois et s\u2019apparente parfois \u00e0 du bricolage.&#8221;<\/em><\/p>\n","protected":false},"excerpt":{"rendered":"<p>Une exposition qui commence au milieu du lac pour permettre de se rendre compte que l&#8217;\u00e9volution est longtemps rest\u00e9e dans l&#8217;eau et que nous \u00eatres humains ne repr\u00e9sentons qu&#8217;une toute petite partie de cette \u00e9volution. Une frise temporelle de 641 m\u00e8tres depuis la formation de la Terre et o\u00f9 nous ne sommes pr\u00e9sents que sur [&hellip;]<\/p>\n","protected":false},"author":1,"featured_media":7465,"comment_status":"closed","ping_status":"open","sticky":false,"template":"","format":"standard","meta":{"_jetpack_newsletter_access":"","_jetpack_dont_email_post_to_subs":false,"_jetpack_newsletter_tier_id":0,"_jetpack_memberships_contains_paywalled_content":false,"_jetpack_feature_clip_id":0,"_jetpack_memberships_contains_paid_content":false,"footnotes":"","jetpack_post_was_ever_published":false},"categories":[117],"tags":[74,28,29],"class_list":["post-7464","post","type-post","status-publish","format-standard","has-post-thumbnail","hentry","category-exhibitions","tag-environment","tag-nature","tag-trees"],"jetpack_sharing_enabled":true,"jetpack_featured_media_url":"https:\/\/i0.wp.com\/redheadwithabrain.ch\/wp-content\/uploads\/2021\/10\/claire-sauvin-9a68jGx_LBQ-unsplash-scaled.jpg?fit=2560%2C1707&ssl=1","_links":{"self":[{"href":"https:\/\/redheadwithabrain.ch\/index.php\/wp-json\/wp\/v2\/posts\/7464","targetHints":{"allow":["GET"]}}],"collection":[{"href":"https:\/\/redheadwithabrain.ch\/index.php\/wp-json\/wp\/v2\/posts"}],"about":[{"href":"https:\/\/redheadwithabrain.ch\/index.php\/wp-json\/wp\/v2\/types\/post"}],"author":[{"embeddable":true,"href":"https:\/\/redheadwithabrain.ch\/index.php\/wp-json\/wp\/v2\/users\/1"}],"replies":[{"embeddable":true,"href":"https:\/\/redheadwithabrain.ch\/index.php\/wp-json\/wp\/v2\/comments?post=7464"}],"version-history":[{"count":3,"href":"https:\/\/redheadwithabrain.ch\/index.php\/wp-json\/wp\/v2\/posts\/7464\/revisions"}],"predecessor-version":[{"id":7471,"href":"https:\/\/redheadwithabrain.ch\/index.php\/wp-json\/wp\/v2\/posts\/7464\/revisions\/7471"}],"wp:featuredmedia":[{"embeddable":true,"href":"https:\/\/redheadwithabrain.ch\/index.php\/wp-json\/wp\/v2\/media\/7465"}],"wp:attachment":[{"href":"https:\/\/redheadwithabrain.ch\/index.php\/wp-json\/wp\/v2\/media?parent=7464"}],"wp:term":[{"taxonomy":"category","embeddable":true,"href":"https:\/\/redheadwithabrain.ch\/index.php\/wp-json\/wp\/v2\/categories?post=7464"},{"taxonomy":"post_tag","embeddable":true,"href":"https:\/\/redheadwithabrain.ch\/index.php\/wp-json\/wp\/v2\/tags?post=7464"}],"curies":[{"name":"wp","href":"https:\/\/api.w.org\/{rel}","templated":true}]}}