{"id":7515,"date":"2021-10-25T18:21:00","date_gmt":"2021-10-25T16:21:00","guid":{"rendered":"https:\/\/redheadwithabrain.ch\/?p=7515"},"modified":"2024-03-13T10:00:36","modified_gmt":"2024-03-13T09:00:36","slug":"la-famille-addams-2-une-viree-denfer-the-addams-family-2-greg-tiernan-conrad-vernon-2021","status":"publish","type":"post","link":"https:\/\/redheadwithabrain.ch\/index.php\/2021\/10\/25\/la-famille-addams-2-une-viree-denfer-the-addams-family-2-greg-tiernan-conrad-vernon-2021\/","title":{"rendered":"La famille Addams 2 : une vir\u00e9e d&#8217;enfer &#8211; The Addams Family 2 &#8211; Greg Tiernan &#038; Conrad Vernon (2021)"},"content":{"rendered":"\n<p class=\"wp-block-paragraph\">La famille Addams d\u00e9cide de partir pour un grand voyage, histoire de renouer les liens avec Mercredi, en crise d&#8217;adolescence et d\u00e9pit\u00e9e par ses g\u00e9niteurs et son fr\u00e8re. Juste avant de partir Gomez et Morticia re\u00e7oivent la visite d&#8217;un avocat qui leur dit que Mercredi n&#8217;est pas leur fille, qu&#8217;elle a \u00e9t\u00e9 \u00e9chang\u00e9e \u00e0 la maternit\u00e9. Mercredi apprend \u00e7a et d\u00e9couvre que c&#8217;est un scientifique du nom de Cyrus qui dit \u00eatre son p\u00e8re. Elle ira le rejoindre et l&#8217;aider dans ses exp\u00e9rimentations avant de r\u00e9aliser que c&#8217;est un charlatan et\u2026 que finalement elle aime bien sa famille, vraie ou pas.<\/p>\n\n\n\n<p class=\"wp-block-paragraph\"><em>&#8220;Les enfants, c\u2019est comme les chaussettes dans la lessive. Ils ont besoin d&#8217;\u00eatre perdus pour \u00eatre retrouv\u00e9s.&#8221;<\/em><\/p>\n\n\n\n<p class=\"wp-block-paragraph\" style=\"font-size:15px\"><strong><span style=\"background-color:rgba(0, 0, 0, 0)\" class=\"has-inline-color has-colibri-color-4-color\">Version originale en anglais &#8211; Regard\u00e9 en fran\u00e7ais<\/span><\/strong><\/p>\n","protected":false},"excerpt":{"rendered":"<p>La famille Addams d\u00e9cide de partir pour un grand voyage, histoire de renouer les liens avec Mercredi, en crise d&#8217;adolescence et d\u00e9pit\u00e9e par ses g\u00e9niteurs et son fr\u00e8re. Juste avant de partir Gomez et Morticia re\u00e7oivent la visite d&#8217;un avocat qui leur dit que Mercredi n&#8217;est pas leur fille, qu&#8217;elle a \u00e9t\u00e9 \u00e9chang\u00e9e \u00e0 la [&hellip;]<\/p>\n","protected":false},"author":1,"featured_media":7516,"comment_status":"closed","ping_status":"open","sticky":false,"template":"","format":"standard","meta":{"_jetpack_newsletter_access":"","_jetpack_dont_email_post_to_subs":false,"_jetpack_newsletter_tier_id":0,"_jetpack_memberships_contains_paywalled_content":false,"_jetpack_feature_clip_id":0,"_jetpack_memberships_contains_paid_content":false,"footnotes":"","jetpack_post_was_ever_published":false},"categories":[1],"tags":[31,47,51],"class_list":["post-7515","post","type-post","status-publish","format-standard","has-post-thumbnail","hentry","category-films-2021","tag-family","tag-humour","tag-identity"],"jetpack_sharing_enabled":true,"jetpack_featured_media_url":"https:\/\/i0.wp.com\/redheadwithabrain.ch\/wp-content\/uploads\/2021\/10\/girl-with-red-hat-6SDyqhHb4rg-unsplash-scaled-e1635860317988.jpg?fit=1702%2C2176&ssl=1","_links":{"self":[{"href":"https:\/\/redheadwithabrain.ch\/index.php\/wp-json\/wp\/v2\/posts\/7515","targetHints":{"allow":["GET"]}}],"collection":[{"href":"https:\/\/redheadwithabrain.ch\/index.php\/wp-json\/wp\/v2\/posts"}],"about":[{"href":"https:\/\/redheadwithabrain.ch\/index.php\/wp-json\/wp\/v2\/types\/post"}],"author":[{"embeddable":true,"href":"https:\/\/redheadwithabrain.ch\/index.php\/wp-json\/wp\/v2\/users\/1"}],"replies":[{"embeddable":true,"href":"https:\/\/redheadwithabrain.ch\/index.php\/wp-json\/wp\/v2\/comments?post=7515"}],"version-history":[{"count":3,"href":"https:\/\/redheadwithabrain.ch\/index.php\/wp-json\/wp\/v2\/posts\/7515\/revisions"}],"predecessor-version":[{"id":15090,"href":"https:\/\/redheadwithabrain.ch\/index.php\/wp-json\/wp\/v2\/posts\/7515\/revisions\/15090"}],"wp:featuredmedia":[{"embeddable":true,"href":"https:\/\/redheadwithabrain.ch\/index.php\/wp-json\/wp\/v2\/media\/7516"}],"wp:attachment":[{"href":"https:\/\/redheadwithabrain.ch\/index.php\/wp-json\/wp\/v2\/media?parent=7515"}],"wp:term":[{"taxonomy":"category","embeddable":true,"href":"https:\/\/redheadwithabrain.ch\/index.php\/wp-json\/wp\/v2\/categories?post=7515"},{"taxonomy":"post_tag","embeddable":true,"href":"https:\/\/redheadwithabrain.ch\/index.php\/wp-json\/wp\/v2\/tags?post=7515"}],"curies":[{"name":"wp","href":"https:\/\/api.w.org\/{rel}","templated":true}]}}