{"id":7613,"date":"2021-10-29T15:44:00","date_gmt":"2021-10-29T13:44:00","guid":{"rendered":"https:\/\/redheadwithabrain.ch\/?p=7613"},"modified":"2021-11-05T22:00:27","modified_gmt":"2021-11-05T21:00:27","slug":"immersions-une-exposition-sur-leau-les-berges-de-vessy-2021","status":"publish","type":"post","link":"https:\/\/redheadwithabrain.ch\/index.php\/2021\/10\/29\/immersions-une-exposition-sur-leau-les-berges-de-vessy-2021\/","title":{"rendered":"Immersions &#8211; Une exposition sur l&#8217;eau &#8211; Les Berges de Vessy (2021)"},"content":{"rendered":"\n<p class=\"wp-block-paragraph\">Une exposition en plusieurs parties. D\u2019abord l\u2019histoire de Gen\u00e8ve et de l\u2019eau qu\u2019il fallait acheminer en haut de la colline, puis une exposition sur nos rivi\u00e8res avec de tr\u00e8s beaux tulles sur lesquelles sont imprim\u00e9s des photos de nature, tout en transparence. Des \u0153uvres de Jo Fontaine, pierre et eau, calme et s\u00e9r\u00e9nit\u00e9. Une partie avec des photos de ces r\u00e9servoirs \u00e0 eau potable, v\u00e9ritables cath\u00e9drales souterraines, dont je ne connaissais m\u00eame pas l\u2019existence. Une belle exposition au bord de l\u2019Arve, un apr\u00e8s-midi d\u2019automne humide.<\/p>\n\n\n\n<p class=\"wp-block-paragraph\"><em>&#8220;Multiples formes, multiples facettes, multiples enjeux, source d&#8217;inspiration et \u00e0 la base de toute vie, motif de conflits ou de solution pour un demain diff\u00e9rent\u202f? Insaisissable, elle s&#8217;\u00e9coule sauvagement au fil des th\u00e9matiques de notre temps, sculpte nos paysages, dessine nos fronti\u00e8res, dicte nos politiques.&#8221;<\/em><\/p>\n","protected":false},"excerpt":{"rendered":"<p>Une exposition en plusieurs parties. D\u2019abord l\u2019histoire de Gen\u00e8ve et de l\u2019eau qu\u2019il fallait acheminer en haut de la colline, puis une exposition sur nos rivi\u00e8res avec de tr\u00e8s beaux tulles sur lesquelles sont imprim\u00e9s des photos de nature, tout en transparence. Des \u0153uvres de Jo Fontaine, pierre et eau, calme et s\u00e9r\u00e9nit\u00e9. Une partie [&hellip;]<\/p>\n","protected":false},"author":1,"featured_media":7617,"comment_status":"closed","ping_status":"open","sticky":false,"template":"","format":"standard","meta":{"_jetpack_newsletter_access":"","_jetpack_dont_email_post_to_subs":false,"_jetpack_newsletter_tier_id":0,"_jetpack_memberships_contains_paywalled_content":false,"_jetpack_feature_clip_id":0,"_jetpack_memberships_contains_paid_content":false,"footnotes":"","jetpack_post_was_ever_published":false},"categories":[117],"tags":[74,92,83],"class_list":["post-7613","post","type-post","status-publish","format-standard","has-post-thumbnail","hentry","category-exhibitions","tag-environment","tag-hope","tag-water"],"jetpack_sharing_enabled":true,"jetpack_featured_media_url":"https:\/\/i0.wp.com\/redheadwithabrain.ch\/wp-content\/uploads\/2021\/10\/20211029_152828-scaled.jpg?fit=2560%2C1920&ssl=1","_links":{"self":[{"href":"https:\/\/redheadwithabrain.ch\/index.php\/wp-json\/wp\/v2\/posts\/7613","targetHints":{"allow":["GET"]}}],"collection":[{"href":"https:\/\/redheadwithabrain.ch\/index.php\/wp-json\/wp\/v2\/posts"}],"about":[{"href":"https:\/\/redheadwithabrain.ch\/index.php\/wp-json\/wp\/v2\/types\/post"}],"author":[{"embeddable":true,"href":"https:\/\/redheadwithabrain.ch\/index.php\/wp-json\/wp\/v2\/users\/1"}],"replies":[{"embeddable":true,"href":"https:\/\/redheadwithabrain.ch\/index.php\/wp-json\/wp\/v2\/comments?post=7613"}],"version-history":[{"count":5,"href":"https:\/\/redheadwithabrain.ch\/index.php\/wp-json\/wp\/v2\/posts\/7613\/revisions"}],"predecessor-version":[{"id":7639,"href":"https:\/\/redheadwithabrain.ch\/index.php\/wp-json\/wp\/v2\/posts\/7613\/revisions\/7639"}],"wp:featuredmedia":[{"embeddable":true,"href":"https:\/\/redheadwithabrain.ch\/index.php\/wp-json\/wp\/v2\/media\/7617"}],"wp:attachment":[{"href":"https:\/\/redheadwithabrain.ch\/index.php\/wp-json\/wp\/v2\/media?parent=7613"}],"wp:term":[{"taxonomy":"category","embeddable":true,"href":"https:\/\/redheadwithabrain.ch\/index.php\/wp-json\/wp\/v2\/categories?post=7613"},{"taxonomy":"post_tag","embeddable":true,"href":"https:\/\/redheadwithabrain.ch\/index.php\/wp-json\/wp\/v2\/tags?post=7613"}],"curies":[{"name":"wp","href":"https:\/\/api.w.org\/{rel}","templated":true}]}}