{"id":7620,"date":"2021-10-28T16:08:00","date_gmt":"2021-10-28T14:08:00","guid":{"rendered":"https:\/\/redheadwithabrain.ch\/?p=7620"},"modified":"2024-02-28T16:48:38","modified_gmt":"2024-02-28T15:48:38","slug":"six-pieds-sur-terre-premiere-serie-comment-vivre-avec-le-vivant-courrier-international-id4d-2021","status":"publish","type":"post","link":"https:\/\/redheadwithabrain.ch\/index.php\/2021\/10\/28\/six-pieds-sur-terre-premiere-serie-comment-vivre-avec-le-vivant-courrier-international-id4d-2021\/","title":{"rendered":"Six pieds sur Terre &#8211; Premi\u00e8re s\u00e9rie : comment vivre avec le vivant ? &#8211; Courrier international &#038; ID4D (2021)"},"content":{"rendered":"\n<p class=\"wp-block-paragraph\">Un <a href=\"https:\/\/www.courrierinternational.com\/article\/ecouter-six-pieds-sur-terre-le-podcast-de-courrier-international-et-id4d-sur-le\">podcast <\/a>sur les grands d\u00e9fis de la plan\u00e8te. Cinq experts pour cinq probl\u00e8mes. Vinciane Despret, philosophe et psychologue explique que nous sommes aussi un part vuln\u00e9rable du vivant et qu&#8217;il faut prendre soin l&#8217;un de l&#8217;autre. Patrick Mavingui, chercheur au CNRS sur l\u2019\u00eele de La R\u00e9union, sp\u00e9cialiste des maladies tropicales, explique comment ils \u00e9tudient les bact\u00e9ries sur les rats et autres animaux. Mar\u00e8me Malong Samb, galeriste et fondatrice de la Fabrique de Souza, au Cameroun, nous parle de cette association qui est un lieu de r\u00e9flexion pour apprendre \u00e0 vivre avec le vivant. B\u00e9atrice Kremer-Cochet, naturaliste, est sp\u00e9cialiste du r\u00e9sensauvagement, c&#8217;est-\u00e0-dire laisser la faune et la flore libre de se d\u00e9velopper et advienne que pourra. Finalement Marc Namblard, audio-naturaliste, nous emm\u00e8ne \u00e0 l\u2019\u00e9coute de la for\u00eat. Cinq petits \u00e9pisodes courts et faciles \u00e0 \u00e9couter pour une premi\u00e8re approche d&#8217;un monde durable. <\/p>\n\n\n\n<p class=\"wp-block-paragraph\"><em>&#8220;Quel est l&#8217;objectif de notre laboratoire ? C&#8217;est de surveiller les agents infectieux. Je parle bien sur des microorganismes qui sont capables d&#8217;infecter, c&#8217;est-\u00e0 dire qui va interagir avec son milieu. Alors l&#8217;exemple, je peux pas ne pas le dire, l&#8217;exemple le plus r\u00e9cent, et vous le savez tous, et non des moindres d&#8217;ailleurs, c&#8217;est le Sars-CoV-2, qui est responsable de la maladie Covid-19, qui est un exemple de zoonose qui est d\u00fb \u00e0 un coronavirus, un virus qui est class\u00e9 dans le monde des coronavirus et c&#8217;est pas le premier d&#8217;ailleurs qui passe chez l&#8217;homme. Il y en a d&#8217;autres. Soixante-dix pourcents de ces agents pathog\u00e8nes, donc les microbes qui causent des maladies, sont d&#8217;origine animale. Donc \u00e7a, c&#8217;est un point important, quand on parle de zoonose. Finalement, la majorit\u00e9 des maladies humaines sont des maladies zoonotiques dues \u00e0 ces agents infectieux zoonotiques.&#8221;  <\/em>   <\/p>\n\n\n\n<p class=\"wp-block-paragraph\" style=\"font-size:15px\"><mark style=\"background-color:rgba(0, 0, 0, 0)\" class=\"has-inline-color has-colibri-color-4-color\"><strong>Cinq \u00e9pisodes d&#8217;environ 30 minutes chacun<\/strong><\/mark><\/p>\n\n\n\n<p class=\"wp-block-paragraph\" style=\"font-size:15px\">\u00c9pisode 1. Repenser le vivant avec Vinciane Despret<br>\u00c9pisode 2. Passion micro-organismes avec Patrick Mavingui<br>\u00c9pisode 3. L&#8217;exp\u00e9rience Souza avec Mar\u00e8me Malong Samb<br>\u00c9pisode 4. R\u00e9-ensauvager le monde avec B\u00e9atrice Kremer-Cochet<br>\u00c9pisode 5. Le chasseur de sons et de silence avec Marc Namblard<\/p>\n","protected":false},"excerpt":{"rendered":"<p>Un podcast sur les grands d\u00e9fis de la plan\u00e8te. Cinq experts pour cinq probl\u00e8mes. Vinciane Despret, philosophe et psychologue explique que nous sommes aussi un part vuln\u00e9rable du vivant et qu&#8217;il faut prendre soin l&#8217;un de l&#8217;autre. Patrick Mavingui, chercheur au CNRS sur l\u2019\u00eele de La R\u00e9union, sp\u00e9cialiste des maladies tropicales, explique comment ils \u00e9tudient [&hellip;]<\/p>\n","protected":false},"author":1,"featured_media":7655,"comment_status":"closed","ping_status":"open","sticky":false,"template":"","format":"standard","meta":{"_jetpack_newsletter_access":"","_jetpack_dont_email_post_to_subs":false,"_jetpack_newsletter_tier_id":0,"_jetpack_memberships_contains_paywalled_content":false,"_jetpack_feature_clip_id":0,"_jetpack_memberships_contains_paid_content":false,"footnotes":"","jetpack_post_was_ever_published":false},"categories":[76],"tags":[74,92,83],"class_list":["post-7620","post","type-post","status-publish","format-standard","has-post-thumbnail","hentry","category-podcasts","tag-environment","tag-hope","tag-water"],"jetpack_sharing_enabled":true,"jetpack_featured_media_url":"https:\/\/i0.wp.com\/redheadwithabrain.ch\/wp-content\/uploads\/2021\/10\/environmental-protection-g2b81164b7_1280-e1636475777345.jpg?fit=1280%2C672&ssl=1","_links":{"self":[{"href":"https:\/\/redheadwithabrain.ch\/index.php\/wp-json\/wp\/v2\/posts\/7620","targetHints":{"allow":["GET"]}}],"collection":[{"href":"https:\/\/redheadwithabrain.ch\/index.php\/wp-json\/wp\/v2\/posts"}],"about":[{"href":"https:\/\/redheadwithabrain.ch\/index.php\/wp-json\/wp\/v2\/types\/post"}],"author":[{"embeddable":true,"href":"https:\/\/redheadwithabrain.ch\/index.php\/wp-json\/wp\/v2\/users\/1"}],"replies":[{"embeddable":true,"href":"https:\/\/redheadwithabrain.ch\/index.php\/wp-json\/wp\/v2\/comments?post=7620"}],"version-history":[{"count":7,"href":"https:\/\/redheadwithabrain.ch\/index.php\/wp-json\/wp\/v2\/posts\/7620\/revisions"}],"predecessor-version":[{"id":14670,"href":"https:\/\/redheadwithabrain.ch\/index.php\/wp-json\/wp\/v2\/posts\/7620\/revisions\/14670"}],"wp:featuredmedia":[{"embeddable":true,"href":"https:\/\/redheadwithabrain.ch\/index.php\/wp-json\/wp\/v2\/media\/7655"}],"wp:attachment":[{"href":"https:\/\/redheadwithabrain.ch\/index.php\/wp-json\/wp\/v2\/media?parent=7620"}],"wp:term":[{"taxonomy":"category","embeddable":true,"href":"https:\/\/redheadwithabrain.ch\/index.php\/wp-json\/wp\/v2\/categories?post=7620"},{"taxonomy":"post_tag","embeddable":true,"href":"https:\/\/redheadwithabrain.ch\/index.php\/wp-json\/wp\/v2\/tags?post=7620"}],"curies":[{"name":"wp","href":"https:\/\/api.w.org\/{rel}","templated":true}]}}