{"id":7645,"date":"2021-11-04T15:13:00","date_gmt":"2021-11-04T14:13:00","guid":{"rendered":"https:\/\/redheadwithabrain.ch\/?p=7645"},"modified":"2026-01-18T18:11:44","modified_gmt":"2026-01-18T17:11:44","slug":"anna-bolena-gaetano-donizetti-1830","status":"publish","type":"post","link":"https:\/\/redheadwithabrain.ch\/index.php\/2021\/11\/04\/anna-bolena-gaetano-donizetti-1830\/","title":{"rendered":"Anna Bolena &#8211; Gaetano Donizetti (1830)"},"content":{"rendered":"\n<p class=\"wp-block-paragraph\">Anna Bolena est programm\u00e9 au Grand Th\u00e9\u00e2tre de Gen\u00e8ve cet automne. Cet op\u00e9ra est un des quatre op\u00e9ras que Donizetti a compos\u00e9s sur le th\u00e8me de la p\u00e9riode des Tudors en Angleterre. Le livret est de Felice Romani. L&#8217;histoire est assez simple. Pour des raisons multiples, Henri VIII aimerait se s\u00e9parer de sa deuxi\u00e8me \u00e9pouse Anne Boleyn. Quoi de plus simple que de l\u2019accuser d\u2019adult\u00e8re ? Et, quoi de plus radical que de lui couper la t\u00eate ? L\u2019histoire racont\u00e9e dans cette \u0153uvre est une interpr\u00e9tation assez libre de l\u2019Histoire, bien que ce ne soit pas tout clair pourquoi Henri VII a fait d\u00e9capiter sa femme. La mise en sc\u00e8ne ici se permet aussi une certaine libert\u00e9 en introduisant deux nouveaux personnages ou plut\u00f4t un personnage, mais \u00e0 diff\u00e9rents moments de sa vie. Elisabeth I apparait en effet tout au long de la pi\u00e8ce, soit petite fille qui regarde ce qui arrive \u00e0 sa m\u00e8re, soit vieille dame qui se rem\u00e9more ses souvenirs d\u2019enfance. C\u2019est joliment fait, tr\u00e8s subtile et \u00e7a rajoute une profondeur \u00e0 la trag\u00e9die. La sc\u00e8ne finale de la d\u00e9capitation est magnifique. Premier op\u00e9ra en personne cette ann\u00e9e et tr\u00e8s belle soir\u00e9e.<\/p>\n\n\n\n<p class=\"has-text-align-center wp-block-paragraph\"><em>&#8220;Io ti veggo infelice, e l&#8217;ira ha fine;<br>la fronte mia solcata vedi dal duolo:<br>io tel perdono:<br>io sento che, a te vicino,<br>de&#8217; passati affanni<br>potrei scordarmi, come,<br>giunto a riva,<br>il naufragio nocchiero i flutti obl\u00eca.<br>Ogni tempesta ria<br>in te s&#8217;acquieta, e vien da te mia luce.&#8221;<\/em><\/p>\n\n\n\n<p class=\"has-text-align-center wp-block-paragraph\"><em>&#8220;Je te vois malheureuse, et ma col\u00e8re a une fin;<br>Tu vois mon front sillonn\u00e9 par le chagrin.<br>Je te le pardonne.<br>Je sens que, proche de toi<br>les chagrins pass\u00e9s<br>je pourrais oublier, comme si<br>ayant atteint le rivage,<br>le pilote naufrag\u00e9 oublie les vagues.<br>Chaque mauvaise temp\u00eate<br>est apais\u00e9e en toi, et ma lumi\u00e8re vient de toi.&#8221;<\/em><\/p>\n\n\n\n<p class=\"wp-block-paragraph\" style=\"font-size:15px\"><strong><mark style=\"background-color:rgba(0, 0, 0, 0)\" class=\"has-inline-color has-colibri-color-4-color\">Chant\u00e9 en italien avec sous-titres en fran\u00e7ais et en anglais<\/mark><\/strong><\/p>\n\n\n\n<p class=\"wp-block-paragraph\" style=\"font-size:15px\"><strong><mark style=\"background-color:rgba(0, 0, 0, 0)\" class=\"has-inline-color has-colibri-color-4-color\">Cr\u00e9\u00e9e \u00e0 Milan en 1830<br>Reprise de la production de 2021<\/mark><\/strong><\/p>\n","protected":false},"excerpt":{"rendered":"<p>Anna Bolena est programm\u00e9 au Grand Th\u00e9\u00e2tre de Gen\u00e8ve cet automne. Cet op\u00e9ra est un des quatre op\u00e9ras que Donizetti a compos\u00e9s sur le th\u00e8me de la p\u00e9riode des Tudors en Angleterre. Le livret est de Felice Romani. L&#8217;histoire est assez simple. Pour des raisons multiples, Henri VIII aimerait se s\u00e9parer de sa deuxi\u00e8me \u00e9pouse [&hellip;]<\/p>\n","protected":false},"author":1,"featured_media":7668,"comment_status":"closed","ping_status":"open","sticky":false,"template":"","format":"standard","meta":{"_jetpack_newsletter_access":"","_jetpack_dont_email_post_to_subs":false,"_jetpack_newsletter_tier_id":0,"_jetpack_memberships_contains_paywalled_content":false,"_jetpack_feature_clip_id":0,"_jetpack_memberships_contains_paid_content":false,"footnotes":"","jetpack_post_was_ever_published":false},"categories":[5],"tags":[56,85,19],"class_list":["post-7645","post","type-post","status-publish","format-standard","has-post-thumbnail","hentry","category-operas","tag-death","tag-infidelity","tag-love"],"jetpack_sharing_enabled":true,"jetpack_featured_media_url":"https:\/\/i0.wp.com\/redheadwithabrain.ch\/wp-content\/uploads\/2021\/11\/church-of-the-king-JdntgyV5w0Q-unsplash-scaled.jpg?fit=2560%2C1707&ssl=1","_links":{"self":[{"href":"https:\/\/redheadwithabrain.ch\/index.php\/wp-json\/wp\/v2\/posts\/7645","targetHints":{"allow":["GET"]}}],"collection":[{"href":"https:\/\/redheadwithabrain.ch\/index.php\/wp-json\/wp\/v2\/posts"}],"about":[{"href":"https:\/\/redheadwithabrain.ch\/index.php\/wp-json\/wp\/v2\/types\/post"}],"author":[{"embeddable":true,"href":"https:\/\/redheadwithabrain.ch\/index.php\/wp-json\/wp\/v2\/users\/1"}],"replies":[{"embeddable":true,"href":"https:\/\/redheadwithabrain.ch\/index.php\/wp-json\/wp\/v2\/comments?post=7645"}],"version-history":[{"count":7,"href":"https:\/\/redheadwithabrain.ch\/index.php\/wp-json\/wp\/v2\/posts\/7645\/revisions"}],"predecessor-version":[{"id":20050,"href":"https:\/\/redheadwithabrain.ch\/index.php\/wp-json\/wp\/v2\/posts\/7645\/revisions\/20050"}],"wp:featuredmedia":[{"embeddable":true,"href":"https:\/\/redheadwithabrain.ch\/index.php\/wp-json\/wp\/v2\/media\/7668"}],"wp:attachment":[{"href":"https:\/\/redheadwithabrain.ch\/index.php\/wp-json\/wp\/v2\/media?parent=7645"}],"wp:term":[{"taxonomy":"category","embeddable":true,"href":"https:\/\/redheadwithabrain.ch\/index.php\/wp-json\/wp\/v2\/categories?post=7645"},{"taxonomy":"post_tag","embeddable":true,"href":"https:\/\/redheadwithabrain.ch\/index.php\/wp-json\/wp\/v2\/tags?post=7645"}],"curies":[{"name":"wp","href":"https:\/\/api.w.org\/{rel}","templated":true}]}}