{"id":7651,"date":"2021-10-31T22:28:00","date_gmt":"2021-10-31T21:28:00","guid":{"rendered":"https:\/\/redheadwithabrain.ch\/?p=7651"},"modified":"2024-02-28T19:02:27","modified_gmt":"2024-02-28T18:02:27","slug":"venus-sepilait-elle-la-chatte-julie-beauzac-2019-2021","status":"publish","type":"post","link":"https:\/\/redheadwithabrain.ch\/index.php\/2021\/10\/31\/venus-sepilait-elle-la-chatte-julie-beauzac-2019-2021\/","title":{"rendered":"Venus s&#8217;\u00e9pilait-elle la chatte &#8211; Julie Beauzac   (2019-2021)"},"content":{"rendered":"\n<p class=\"wp-block-paragraph\">Un podcast tr\u00e8s f\u00e9ministe autour de la place de la femme dans l&#8217;art occidental. Comme dans beaucoup de domaines, l&#8217;art est majoritairement masculin et blanc, la femme y tient peu de place si ce n&#8217;est en qualit\u00e9 de mod\u00e8le ou muse. les \u00e9pisodes touchent \u00e0 des sujets tr\u00e8s diff\u00e9rents.  Un \u00e9pisode sur les autoportraits f\u00e9minins parle de l&#8217;ing\u00e9niosit\u00e9 mise en place par les femmes pour pouvoir peindre. Il y a deux \u00e9pisodes sur Frida Kahlo et notamment sur comment son image a \u00e9t\u00e9 manipul\u00e9e, aseptis\u00e9e au point de la retrouver sur des coussins et des dessous de verre. Un \u00e9pisode aborde la repr\u00e9sentation des noir\u00b7es dans la peinture occidentale et l&#8217;image que ces repr\u00e9sentions v\u00e9hiculent&nbsp;: whitewashing, construction biais\u00e9e de l&#8217;histoire, hypersexualisation des corps, \u00e0 mettre en parall\u00e8le avec l&#8217;\u00e9pisode sur la sous-repr\u00e9sentation de la grossesse et de l&#8217;allaitement. Un \u00e9pisode invite <a rel=\"noreferrer noopener\" href=\"https:\/\/bit.ly\/3eDQ9Mj\" target=\"_blank\">Yesss<\/a>, le&nbsp;podcast qui c\u00e9l\u00e8bre les victoires sur le sexisme, un podcast de warriors, des femmes qui se sont battues pour exprimer leur force et courage. Le dernier \u00e9pisode est celui qui m&#8217;a le plus \u00e9branl\u00e9e, un \u00e9pisode sur Picasso, un g\u00e9nie de la peinture, mais un tyran et cette question sempiternelle : peut-on s\u00e9parer l&#8217;homme de l&#8217;artiste ? Ce podcast est exceptionnel, chaque \u00e9pisode est disponible en transcript, les \u0153uvres, la musique et les r\u00e9f\u00e9rences utilis\u00e9es sont document\u00e9es. Un vrai plaisir.<\/p>\n\n\n\n<p class=\"wp-block-paragraph\"><em>&#8220;Picasso \u00e9tait compl\u00e8tement obs\u00e9d\u00e9 par l&#8217;id\u00e9e de destruction. Il avait aussi un certain sens de la formule ignoble, et il y en a certaines qui sont rest\u00e9es, par exemple &#8220;pour faire une colombe il faut lui tordre le cou&#8221; ou encore mieux &#8220;la nature existe pour que nous puissions la violer&#8221;. Cette id\u00e9e de destruction, elle est centrale dans son travail. Il se trouve qu&#8217;il \u00e9tait aussi excessivement misogyne, il disait &#8220;pour moi il y a deux types de femmes, les d\u00e9esses et les paillassons&#8221;, et c&#8217;est vraiment dans la destruction des femmes qu&#8217;il s&#8217;est &#8220;sp\u00e9cialis\u00e9&#8221;. C&#8217;est assez effarant de voir dans son travail le nombre de femmes qui sont compl\u00e8tement d\u00e9membr\u00e9es ou disloqu\u00e9es, et \u00e7a va largement au-del\u00e0 d&#8217;une recherche qui serait purement esth\u00e9tique. C&#8217;\u00e9tait quelqu&#8217;un de particuli\u00e8rement violent avec toutes les femmes qu&#8217;il a<\/em> <em>fr\u00e9quent\u00e9es, et les d\u00e9truire sur la toile c&#8217;\u00e9tait rarement anodin.&#8221;<\/em><\/p>\n\n\n\n<p class=\"wp-block-paragraph\" style=\"font-size:15px\"><mark style=\"background-color:rgba(0, 0, 0, 0)\" class=\"has-inline-color has-colibri-color-4-color\"><strong>Neuf \u00e9pisodes d&#8217;environ 1 heure<\/strong><\/mark> <strong><mark style=\"background-color:rgba(0, 0, 0, 0)\" class=\"has-inline-color has-colibri-color-4-color\">chacun<\/mark><\/strong><\/p>\n\n\n\n<p class=\"wp-block-paragraph\">\u00c9pisode 1. Les auto-portraits f\u00e9minins<br>\u00c9pisode 2. Frida Kahlo, au-del\u00e0 du mythe 1\/2<br>\u00c9pisode 3. Frida Kahlo, au-del\u00e0 du mythe 2\/2<br>\u00c9pisode 4. Repr\u00e9senter les noir\u00b7es : le regard blanc<br>\u00c9pisode 5. La grossesse, tabou de l&#8217;art<br>\u00c9pisode 6. V\u00e9nus feat. YESSS : warriors and art<br>\u00c9pisode 7. Picasso, s\u00e9parer l&#8217;homme de l&#8217;artiste<br>\u00c9pisode 8. BONUS Rencontre au Paris Podcast Festival<br>\u00c9pisode 9. Les sacrifi\u00e9es du romantisme<\/p>\n","protected":false},"excerpt":{"rendered":"<p>Un podcast tr\u00e8s f\u00e9ministe autour de la place de la femme dans l&#8217;art occidental. Comme dans beaucoup de domaines, l&#8217;art est majoritairement masculin et blanc, la femme y tient peu de place si ce n&#8217;est en qualit\u00e9 de mod\u00e8le ou muse. les \u00e9pisodes touchent \u00e0 des sujets tr\u00e8s diff\u00e9rents. Un \u00e9pisode sur les autoportraits f\u00e9minins [&hellip;]<\/p>\n","protected":false},"author":1,"featured_media":7652,"comment_status":"closed","ping_status":"open","sticky":false,"template":"","format":"standard","meta":{"_jetpack_newsletter_access":"","_jetpack_dont_email_post_to_subs":false,"_jetpack_newsletter_tier_id":0,"_jetpack_memberships_contains_paywalled_content":false,"_jetpack_feature_clip_id":0,"_jetpack_memberships_contains_paid_content":false,"footnotes":"","jetpack_post_was_ever_published":false},"categories":[76],"tags":[111,51,46],"class_list":["post-7651","post","type-post","status-publish","format-standard","has-post-thumbnail","hentry","category-podcasts","tag-abuse","tag-identity","tag-sexism"],"jetpack_sharing_enabled":true,"jetpack_featured_media_url":"https:\/\/i0.wp.com\/redheadwithabrain.ch\/wp-content\/uploads\/2021\/11\/angel-g7e8c5d1f5_1920.jpg?fit=1920%2C1440&ssl=1","_links":{"self":[{"href":"https:\/\/redheadwithabrain.ch\/index.php\/wp-json\/wp\/v2\/posts\/7651","targetHints":{"allow":["GET"]}}],"collection":[{"href":"https:\/\/redheadwithabrain.ch\/index.php\/wp-json\/wp\/v2\/posts"}],"about":[{"href":"https:\/\/redheadwithabrain.ch\/index.php\/wp-json\/wp\/v2\/types\/post"}],"author":[{"embeddable":true,"href":"https:\/\/redheadwithabrain.ch\/index.php\/wp-json\/wp\/v2\/users\/1"}],"replies":[{"embeddable":true,"href":"https:\/\/redheadwithabrain.ch\/index.php\/wp-json\/wp\/v2\/comments?post=7651"}],"version-history":[{"count":8,"href":"https:\/\/redheadwithabrain.ch\/index.php\/wp-json\/wp\/v2\/posts\/7651\/revisions"}],"predecessor-version":[{"id":14691,"href":"https:\/\/redheadwithabrain.ch\/index.php\/wp-json\/wp\/v2\/posts\/7651\/revisions\/14691"}],"wp:featuredmedia":[{"embeddable":true,"href":"https:\/\/redheadwithabrain.ch\/index.php\/wp-json\/wp\/v2\/media\/7652"}],"wp:attachment":[{"href":"https:\/\/redheadwithabrain.ch\/index.php\/wp-json\/wp\/v2\/media?parent=7651"}],"wp:term":[{"taxonomy":"category","embeddable":true,"href":"https:\/\/redheadwithabrain.ch\/index.php\/wp-json\/wp\/v2\/categories?post=7651"},{"taxonomy":"post_tag","embeddable":true,"href":"https:\/\/redheadwithabrain.ch\/index.php\/wp-json\/wp\/v2\/tags?post=7651"}],"curies":[{"name":"wp","href":"https:\/\/api.w.org\/{rel}","templated":true}]}}