{"id":7673,"date":"2021-11-07T16:38:00","date_gmt":"2021-11-07T15:38:00","guid":{"rendered":"https:\/\/redheadwithabrain.ch\/?p=7673"},"modified":"2022-02-03T21:27:22","modified_gmt":"2022-02-03T20:27:22","slug":"18-contes-de-la-naissance-du-monde-francoise-rachmuhl-2020","status":"publish","type":"post","link":"https:\/\/redheadwithabrain.ch\/index.php\/2021\/11\/07\/18-contes-de-la-naissance-du-monde-francoise-rachmuhl-2020\/","title":{"rendered":"18 contes de la naissance du monde &#8211; Fran\u00e7oise Rachmuhl (2020)"},"content":{"rendered":"\n<p class=\"wp-block-paragraph\">Un petit livre de contes divis\u00e9 en plusieurs chapitres. La naissance du monde lui-m\u00eame, cette Terre qui flotte dans l&#8217;univers. La naissance des hommes, en g\u00e9n\u00e9ral apr\u00e8s d\u00e9cision des Dieux ou d&#8217;un Dieu qui pense que ce serait bien, mais s&#8217;en repent souvent. L&#8217;apparition des astres, ceux qui r\u00e8glent nos jours et nos nuits, Soleil et Lune. Et finalement la naissance de quelques animaux ou leur influence sur la vie terrestre, sole, pintade, moustique. Ces contes viennent d&#8217;\u00e0 travers le monde et c&#8217;est amusant de voir comme les histoires se recoupent et comme il y&nbsp; a des explications \u00e0 tout plein de ph\u00e9nom\u00e8nes naturels. Une belle petite lecture.<\/p>\n\n\n\n<p class=\"wp-block-paragraph\"><em>&#8220;Bon Dieu convoqua Sole imm\u00e9diatement.<br>-Sole, je t&#8217;ai nomm\u00e9e Grande Inspectrice des Mar\u00e9es, tu t&#8217;en souviens ? C&#8217;est un honneur que je t&#8217;ai fait. Les mois ont pass\u00e9, les lunes ont tourn\u00e9, tu n&#8217;es jamais venue m&#8217;en parler. Dis-moi, ma fille, comment va la mar\u00e9e aujourd&#8217;hui ?<br>&#8211; Elle va&#8230; elle va, r\u00e9pondit Sole, comme le derri\u00e8re de ma grand-m\u00e8re !<br>Cette fois, Bon Dieu prit son \u00e9lan et flanqua \u00e0 Sole une telle gifle que la malheureuse en fut tout aplatie. Sa colonne vert\u00e9brale dessina un zigzag, ses yeux saut\u00e8rent tous deux du m\u00eame c\u00f4t\u00e9, elle perdit ses belles couleurs, elle perdit la parole. Bref, elle devint le poisson gris, plat et laid que vous voyez, au march\u00e9, \u00e0 l&#8217;\u00e9tal du poissonnier.<br>-Et maintenant, disparais de ma vue! tonna Bon Dieu.<br>Sole alla se cacher dans les algues, au fond de la mer. L\u00e0, chancelante et d\u00e9glingu\u00e9e, elle chercha p\u00e9niblement sa nourriture. Les autres poissons, sans piti\u00e9, se moquaient d&#8217;elle, m\u00eame Requin, autre fois son comp\u00e8re.&#8221;<\/em><\/p>\n\n\n\n<p class=\"has-small-font-size wp-block-paragraph\"><mark style=\"background-color:rgba(0, 0, 0, 0)\" class=\"has-inline-color has-colibri-color-4-color\"><strong>Contenu<\/strong><br><\/mark><mark style=\"background-color:rgba(0, 0, 0, 0)\" class=\"has-inline-color has-colibri-color-6-color\">La naissance du monde : Le genou de la d\u00e9esse &#8211; Le g\u00e9ant Ymir &#8211; Les pattes du gr\u00e8be &#8211; Le cinqui\u00e8me soleil.<br>Les hommes : L&#8217;ascension &#8211; De l&#8217;\u00e2ge d&#8217;or \u00e0 l&#8217;\u00e2ge de fer &#8211; Apr\u00e8s le d\u00e9luge &#8211; Le mensonge du l\u00e9zard &#8211; La lenteur du cam\u00e9l\u00e9on &#8211; La sorci\u00e8re Wuriri.<br>Les astres : Le gar\u00e7on Lune et la fille Soleil &#8211; Saul\u00e9 et Menulis &#8211; Le fils du jaguar.<br>Les animaux : Les trois gouttes de sang &#8211; Le Wind\u00e9go &#8211; Sedna et le fulmar &#8211; Sole et Bon Dieu &#8211; La pintade \u00e0 l&#8217;aube<\/mark><\/p>\n","protected":false},"excerpt":{"rendered":"<p>Un petit livre de contes divis\u00e9 en plusieurs chapitres. La naissance du monde lui-m\u00eame, cette Terre qui flotte dans l&#8217;univers. La naissance des hommes, en g\u00e9n\u00e9ral apr\u00e8s d\u00e9cision des Dieux ou d&#8217;un Dieu qui pense que ce serait bien, mais s&#8217;en repent souvent. L&#8217;apparition des astres, ceux qui r\u00e8glent nos jours et nos nuits, Soleil [&hellip;]<\/p>\n","protected":false},"author":1,"featured_media":7674,"comment_status":"closed","ping_status":"open","sticky":false,"template":"","format":"standard","meta":{"_jetpack_newsletter_access":"","_jetpack_dont_email_post_to_subs":false,"_jetpack_newsletter_tier_id":0,"_jetpack_memberships_contains_paywalled_content":false,"_jetpack_feature_clip_id":0,"_jetpack_memberships_contains_paid_content":false,"footnotes":"","jetpack_post_was_ever_published":false},"categories":[2,156],"tags":[88,23,28],"class_list":["post-7673","post","type-post","status-publish","format-standard","has-post-thumbnail","hentry","category-book","category-challenge-abc-2021-2022","tag-birth","tag-genies","tag-nature"],"jetpack_sharing_enabled":true,"jetpack_featured_media_url":"https:\/\/i0.wp.com\/redheadwithabrain.ch\/wp-content\/uploads\/2021\/11\/louis-maniquet-71QXQUSC_Do-unsplash-scaled.jpg?fit=1707%2C2560&ssl=1","_links":{"self":[{"href":"https:\/\/redheadwithabrain.ch\/index.php\/wp-json\/wp\/v2\/posts\/7673","targetHints":{"allow":["GET"]}}],"collection":[{"href":"https:\/\/redheadwithabrain.ch\/index.php\/wp-json\/wp\/v2\/posts"}],"about":[{"href":"https:\/\/redheadwithabrain.ch\/index.php\/wp-json\/wp\/v2\/types\/post"}],"author":[{"embeddable":true,"href":"https:\/\/redheadwithabrain.ch\/index.php\/wp-json\/wp\/v2\/users\/1"}],"replies":[{"embeddable":true,"href":"https:\/\/redheadwithabrain.ch\/index.php\/wp-json\/wp\/v2\/comments?post=7673"}],"version-history":[{"count":5,"href":"https:\/\/redheadwithabrain.ch\/index.php\/wp-json\/wp\/v2\/posts\/7673\/revisions"}],"predecessor-version":[{"id":8780,"href":"https:\/\/redheadwithabrain.ch\/index.php\/wp-json\/wp\/v2\/posts\/7673\/revisions\/8780"}],"wp:featuredmedia":[{"embeddable":true,"href":"https:\/\/redheadwithabrain.ch\/index.php\/wp-json\/wp\/v2\/media\/7674"}],"wp:attachment":[{"href":"https:\/\/redheadwithabrain.ch\/index.php\/wp-json\/wp\/v2\/media?parent=7673"}],"wp:term":[{"taxonomy":"category","embeddable":true,"href":"https:\/\/redheadwithabrain.ch\/index.php\/wp-json\/wp\/v2\/categories?post=7673"},{"taxonomy":"post_tag","embeddable":true,"href":"https:\/\/redheadwithabrain.ch\/index.php\/wp-json\/wp\/v2\/tags?post=7673"}],"curies":[{"name":"wp","href":"https:\/\/api.w.org\/{rel}","templated":true}]}}