{"id":7682,"date":"2021-11-11T15:15:00","date_gmt":"2021-11-11T14:15:00","guid":{"rendered":"https:\/\/redheadwithabrain.ch\/?p=7682"},"modified":"2021-11-26T15:48:05","modified_gmt":"2021-11-26T14:48:05","slug":"ecrits-dart-brut-que-dextravagances-lucienne-peiry-2021","status":"publish","type":"post","link":"https:\/\/redheadwithabrain.ch\/index.php\/2021\/11\/11\/ecrits-dart-brut-que-dextravagances-lucienne-peiry-2021\/","title":{"rendered":"\u00c9crits d&#8217;art brut. Que d&#8217;extravagances ! &#8211; Lucienne Peiry (2021)"},"content":{"rendered":"\n<p class=\"wp-block-paragraph\">La Soci\u00e9t\u00e9 de Lecture de Gen\u00e8ve a invit\u00e9 Lucienne Peiry, historienne de l\u2019art, ex-directrice de la Collection de l\u2019art brut \u00e0 Lausanne et commissaire de l\u2019exposition &#8220;\u00c9crits d\u2019art brut&#8221; qui a lieu actuellement au mus\u00e9e Tinguely \u00e0 B\u00e2le. Elle nous parle d\u2019art brut au travers de quelques exemples. Elle cite Bispo de Rosario qui a \u00e9t\u00e9 intern\u00e9 \u00e0 l\u2019\u00e2ge de 30 apr\u00e8s avoir expliqu\u00e9 \u00e0 des moines qu\u2019il \u00e9tait J\u00e9sus. Il restera jusqu\u2019\u00e0 sa mort, 50 ans plus tard, dans cette institution et y fabriquera avec une couverture et des bouts de fils une parure, esp\u00e8ce de poncho, qu\u2019il voulait porter le jour de sa mort lorsqu\u2019il se pr\u00e9senterait devant Dieu. Elle nous parle \u00e9galement de Marie Lieb qui avec des bouts de draps d\u00e9chir\u00e9s en bandes fera des tableaux \u00e0 m\u00eame le sol de la clinique psychiatrique dans laquelle elle est intern\u00e9e. De tr\u00e8s jolis motifs de fleurs, de flocons, quelques lettres, cr\u00e9ations \u00e9ph\u00e9m\u00e8res. Quand on demande \u00e0 Lucienne Peiry qu\u2019elle est la limite entre l\u2019art et l\u2019art brut, elle propose comme premi\u00e8re distinction trois mots &#8220;silence, secret et solitude&#8221;, mettant en avant le fait que l\u2019artiste qui cr\u00e9e de l\u2019art qualifi\u00e9 de brut le fait d\u2019abord pour lui-m\u00eame, presque comme une th\u00e9rapie, et qu\u2019il n\u2019a pas besoin de montrer son \u0153uvre, il ne cherche pas la reconnaissance, il n\u2019est pas int\u00e9ress\u00e9 par la vente de son art. J\u2019ai trouv\u00e9 int\u00e9ressant d\u2019apprendre qu\u2019en anglais, l\u2019art brut se dit &#8220;outsider art&#8221;, presque plus clair. Conf\u00e9rence tr\u00e8s int\u00e9ressante, oratrice excellente et toujours dans ces magnifiques locaux.<\/p>\n\n\n\n<p class=\"wp-block-paragraph\"><em>&#8220;Et bien justement, certains ont r\u00e9sist\u00e9, parce que les auteurs d&#8217;art brut sont des r\u00e9sistants et des r\u00e9sistantes. Cette femme, Agn\u00e8s Richter, s&#8217;empare de la partie sup\u00e9rieure de son uniforme et puis elle intervient. Elle change, manche gauche, manche droite, et puis elle cr\u00e9e, sans doute pour f\u00e9miniser un peu cette veste, elle cr\u00e9e des petites pinces pour vraiment souligner la taille et puis, comme vous le voyez, elle ajoute quelques morceaux, quelques fragments de laine brune, comme vous le voyez, et puis surtout elle le fait aussi ici sur le c\u00f4t\u00e9, mais surtout, comme vous l&#8217;avez vu d\u00e9j\u00e0, elle prend des fils et elle \u00e9crit, elle cr\u00e9e une sorte de journal intime sur cette veste qu&#8217;elle va devoir rev\u00eatir. Pendant vingt ans, elle rev\u00eatira cette veste remplie d&#8217;inscriptions qu&#8217;elle a faites \u00e9videmment \u00e0 la main. Vous imaginez bien que cette veste devait avoir un pouvoir apotropa\u00efque, c&#8217;est-\u00e0-dire qui prot\u00e8ge, qui \u00e9loigne le mal.&#8221;<\/em><\/p>\n","protected":false},"excerpt":{"rendered":"<p>La Soci\u00e9t\u00e9 de Lecture de Gen\u00e8ve a invit\u00e9 Lucienne Peiry, historienne de l\u2019art, ex-directrice de la Collection de l\u2019art brut \u00e0 Lausanne et commissaire de l\u2019exposition &#8220;\u00c9crits d\u2019art brut&#8221; qui a lieu actuellement au mus\u00e9e Tinguely \u00e0 B\u00e2le. Elle nous parle d\u2019art brut au travers de quelques exemples. Elle cite Bispo de Rosario qui a [&hellip;]<\/p>\n","protected":false},"author":1,"featured_media":7681,"comment_status":"closed","ping_status":"open","sticky":false,"template":"","format":"standard","meta":{"_jetpack_newsletter_access":"","_jetpack_dont_email_post_to_subs":false,"_jetpack_newsletter_tier_id":0,"_jetpack_memberships_contains_paywalled_content":false,"_jetpack_feature_clip_id":0,"_jetpack_memberships_contains_paid_content":false,"footnotes":"","jetpack_post_was_ever_published":false},"categories":[96],"tags":[67,136,54],"class_list":["post-7682","post","type-post","status-publish","format-standard","has-post-thumbnail","hentry","category-conferences","tag-creativity","tag-silence","tag-solitude"],"jetpack_sharing_enabled":true,"jetpack_featured_media_url":"https:\/\/i0.wp.com\/redheadwithabrain.ch\/wp-content\/uploads\/2021\/11\/alice-donovan-rouse-yu68fUQDvOI-unsplash-scaled.jpg?fit=2560%2C1709&ssl=1","_links":{"self":[{"href":"https:\/\/redheadwithabrain.ch\/index.php\/wp-json\/wp\/v2\/posts\/7682","targetHints":{"allow":["GET"]}}],"collection":[{"href":"https:\/\/redheadwithabrain.ch\/index.php\/wp-json\/wp\/v2\/posts"}],"about":[{"href":"https:\/\/redheadwithabrain.ch\/index.php\/wp-json\/wp\/v2\/types\/post"}],"author":[{"embeddable":true,"href":"https:\/\/redheadwithabrain.ch\/index.php\/wp-json\/wp\/v2\/users\/1"}],"replies":[{"embeddable":true,"href":"https:\/\/redheadwithabrain.ch\/index.php\/wp-json\/wp\/v2\/comments?post=7682"}],"version-history":[{"count":3,"href":"https:\/\/redheadwithabrain.ch\/index.php\/wp-json\/wp\/v2\/posts\/7682\/revisions"}],"predecessor-version":[{"id":7752,"href":"https:\/\/redheadwithabrain.ch\/index.php\/wp-json\/wp\/v2\/posts\/7682\/revisions\/7752"}],"wp:featuredmedia":[{"embeddable":true,"href":"https:\/\/redheadwithabrain.ch\/index.php\/wp-json\/wp\/v2\/media\/7681"}],"wp:attachment":[{"href":"https:\/\/redheadwithabrain.ch\/index.php\/wp-json\/wp\/v2\/media?parent=7682"}],"wp:term":[{"taxonomy":"category","embeddable":true,"href":"https:\/\/redheadwithabrain.ch\/index.php\/wp-json\/wp\/v2\/categories?post=7682"},{"taxonomy":"post_tag","embeddable":true,"href":"https:\/\/redheadwithabrain.ch\/index.php\/wp-json\/wp\/v2\/tags?post=7682"}],"curies":[{"name":"wp","href":"https:\/\/api.w.org\/{rel}","templated":true}]}}