{"id":7688,"date":"2021-11-11T09:30:00","date_gmt":"2021-11-11T08:30:00","guid":{"rendered":"https:\/\/redheadwithabrain.ch\/?p=7688"},"modified":"2022-02-13T22:24:19","modified_gmt":"2022-02-13T21:24:19","slug":"habemus-papam-nanni-moretti-2011","status":"publish","type":"post","link":"https:\/\/redheadwithabrain.ch\/index.php\/2021\/11\/11\/habemus-papam-nanni-moretti-2011\/","title":{"rendered":"Habemus papam &#8211; Nanni Moretti (2011)"},"content":{"rendered":"\n<p class=\"wp-block-paragraph\">Le pape est mort, il faut en \u00e9lire un nouveau. Tout le conclave se r\u00e9unit, et apr\u00e8s plusieurs tours de vote, c\u2019est le cardinal Melville qui est \u00e9lu, bien que n\u2019\u00e9tant pas au d\u00e9part sur la liste des papables. Au moment de se pr\u00e9senter \u00e0 la foule qui attend devant le balcon, il fait demi-tour et part en courant. Les cardinaux se retrouvent donc enferm\u00e9s au Vatican et d\u00e9pit\u00e9s devant la d\u00e9pression de leur pape. Un psychiatre est appel\u00e9, mais peine \u00e0 aider le pape, car ils ne peuvent jamais \u00eatre seuls. Il organisera par contre un tournoi de volley pour occuper les cardinaux. Lors d\u2019une sortie, le pape s\u2019\u00e9chappe et ira fl\u00e2ner dans les rues, au grand d\u00e9pit du porte-parole qui fait croire que le pape est en r\u00e9alit\u00e9 dans ses appartements. Le pape revient, tout le monde est soulag\u00e9, mais il se pr\u00e9sente au balcon et annonce qu\u2019il refuse d\u2019\u00eatre pape. Du jamais vu. Nanni Moretti dans le r\u00f4le du psychiatre est tr\u00e8s dr\u00f4le et c\u2019est \u00e9galement amusant de voir un peu le fonctionnement \u00e0 l\u2019int\u00e9rieur de Vatican avec ses r\u00e8gles ancestrales. L\u2019histoire elle-m\u00eame et particuli\u00e8rement Michel Piccoli dans le r\u00f4le du pape sont tr\u00e8s touchants. Un film tout en douceur et murmures.<\/p>\n\n\n\n<p class=\"wp-block-paragraph\"><em>&#8220;- Je suppose, votre Eminence, que je ne peux pas demander euh&#8230;<br>&#8211; Certainement pas.<br>&#8211; Non, j&#8217;avais bien pens\u00e9 que le sexe, on ne pouvait pas. Et une allusion \u00e0 la maman ?<br>&#8211; Et bien en ce moment \u00e7a pourrait bien r\u00e9veiller des \u00e9pisodes tr\u00e8s lointains, des souvenirs.<br>&#8211; Ben, justement.<br>&#8211; Non.<br>&#8211; Non. Et aborder des fantasmes et des d\u00e9sirs jamais r\u00e9alis\u00e9s ?<br>&#8211; Non.<br>&#8211; Non. Et quelque chose sur l&#8217;enfance, oui ?<br>&#8211; Avec beaucoup de discretion.<br>&#8211; Avec beaucoup de discretion. Bien. Et les r\u00eaves, oui ?<br>&#8211; Ben \u00e7a d\u00e9pend quel r\u00eaves, &#8230; il vaut mieux pas.<br>&#8211; Il vaut mieux pas. Parfait. Merci&#8221;<\/em><\/p>\n\n\n\n<p class=\"wp-block-paragraph\" style=\"font-size:15px\"><strong><mark style=\"background-color:rgba(0, 0, 0, 0)\" class=\"has-inline-color has-colibri-color-4-color\">Version originale en italien, regard\u00e9 en fran\u00e7ais<\/mark><\/strong><\/p>\n","protected":false},"excerpt":{"rendered":"<p>Le pape est mort, il faut en \u00e9lire un nouveau. Tout le conclave se r\u00e9unit, et apr\u00e8s plusieurs tours de vote, c\u2019est le cardinal Melville qui est \u00e9lu, bien que n\u2019\u00e9tant pas au d\u00e9part sur la liste des papables. Au moment de se pr\u00e9senter \u00e0 la foule qui attend devant le balcon, il fait demi-tour [&hellip;]<\/p>\n","protected":false},"author":1,"featured_media":7687,"comment_status":"closed","ping_status":"open","sticky":false,"template":"","format":"standard","meta":{"_jetpack_newsletter_access":"","_jetpack_dont_email_post_to_subs":false,"_jetpack_newsletter_tier_id":0,"_jetpack_memberships_contains_paywalled_content":false,"_jetpack_feature_clip_id":0,"_jetpack_memberships_contains_paid_content":false,"footnotes":"","jetpack_post_was_ever_published":false},"categories":[1],"tags":[69,132,107],"class_list":["post-7688","post","type-post","status-publish","format-standard","has-post-thumbnail","hentry","category-films-2021","tag-courage","tag-fear","tag-religion"],"jetpack_sharing_enabled":true,"jetpack_featured_media_url":"https:\/\/i0.wp.com\/redheadwithabrain.ch\/wp-content\/uploads\/2021\/11\/nacho-arteaga-g453jQQnJ-U-unsplash-scaled.jpg?fit=2560%2C1440&ssl=1","_links":{"self":[{"href":"https:\/\/redheadwithabrain.ch\/index.php\/wp-json\/wp\/v2\/posts\/7688","targetHints":{"allow":["GET"]}}],"collection":[{"href":"https:\/\/redheadwithabrain.ch\/index.php\/wp-json\/wp\/v2\/posts"}],"about":[{"href":"https:\/\/redheadwithabrain.ch\/index.php\/wp-json\/wp\/v2\/types\/post"}],"author":[{"embeddable":true,"href":"https:\/\/redheadwithabrain.ch\/index.php\/wp-json\/wp\/v2\/users\/1"}],"replies":[{"embeddable":true,"href":"https:\/\/redheadwithabrain.ch\/index.php\/wp-json\/wp\/v2\/comments?post=7688"}],"version-history":[{"count":4,"href":"https:\/\/redheadwithabrain.ch\/index.php\/wp-json\/wp\/v2\/posts\/7688\/revisions"}],"predecessor-version":[{"id":8907,"href":"https:\/\/redheadwithabrain.ch\/index.php\/wp-json\/wp\/v2\/posts\/7688\/revisions\/8907"}],"wp:featuredmedia":[{"embeddable":true,"href":"https:\/\/redheadwithabrain.ch\/index.php\/wp-json\/wp\/v2\/media\/7687"}],"wp:attachment":[{"href":"https:\/\/redheadwithabrain.ch\/index.php\/wp-json\/wp\/v2\/media?parent=7688"}],"wp:term":[{"taxonomy":"category","embeddable":true,"href":"https:\/\/redheadwithabrain.ch\/index.php\/wp-json\/wp\/v2\/categories?post=7688"},{"taxonomy":"post_tag","embeddable":true,"href":"https:\/\/redheadwithabrain.ch\/index.php\/wp-json\/wp\/v2\/tags?post=7688"}],"curies":[{"name":"wp","href":"https:\/\/api.w.org\/{rel}","templated":true}]}}