{"id":7705,"date":"2021-11-12T23:41:12","date_gmt":"2021-11-12T22:41:12","guid":{"rendered":"https:\/\/redheadwithabrain.ch\/?p=7705"},"modified":"2022-02-03T21:26:51","modified_gmt":"2022-02-03T20:26:51","slug":"la-jardin-de-la-memoire-lucienne-peiry-2021","status":"publish","type":"post","link":"https:\/\/redheadwithabrain.ch\/index.php\/2021\/11\/12\/la-jardin-de-la-memoire-lucienne-peiry-2021\/","title":{"rendered":"Le jardin de la m\u00e9moire &#8211; Lucienne Peiry (2021)"},"content":{"rendered":"\n<p class=\"wp-block-paragraph\">Le jardin de la m\u00e9moire est l&#8217;histoire d&#8217;un homme, Armand Schulthess. Un homme qui travailla comme commis au D\u00e9partement f\u00e9d\u00e9ral de l&#8217;\u00e9conomie publique \u00e0 Berne, d\u00e9crit comme silencieux, effac\u00e9, humble. Un homme que la vie a bless\u00e9, ses deux p\u00e8res meurent pr\u00e9cocement, il traverse deux divorces et le d\u00e9c\u00e8s de son enfant de 8 mois. Un homme qui d\u00e9cide \u00e0 50 ans de tout quitter pour aller s&#8217;isoler dans sa maison d&#8217;Auressio dans le Tessin. Il passera le restant de ses jours \u00e0 \u00e9crire, avec des bouts de rien, bois, aiguilles \u00e0 tricoter, sur des supports en m\u00e9tal, principalement des couvercles de boites de conserve. Il accrochera ces m\u00e9daillons sur les arbres autour de sa maison, seuls, en guirlande, en rideau, attach\u00e9s ensemble par des bouts de fils de fer. Ce qu&#8217;il \u00e9crit sur ces couvercles ? Des donn\u00e9es sur tous les sujets imaginables, math\u00e9matiques, musique, astrologie, physiologie&#8230; une v\u00e9ritable encyclop\u00e9die \u00e0 ciel ouvert. Ce qu&#8217;il fait est un bel exemple d&#8217;art brut. Armand Schulthess sera retrouv\u00e9 mort dans son jardin. Sa famille d\u00e9cidera de br\u00fbler toute son \u0153uvre, comme pour effacer une honte, une folie. Quelle tristesse.<\/p>\n\n\n\n<p class=\"wp-block-paragraph\"><em>&#8220;La femme, son corps, son sexe &#8211; qu&#8217;il appelle &#8220;les instruments du sublime orchestre&#8221; &#8211; mais aussi le fonctionnement de son appareil g\u00e9nital semblent pr\u00e9occuper Schulthess et occupent une place essentielle dans plusieurs livres dont il est l&#8217;auteur. Dans l&#8217;un d&#8217;eux en particulier, il r\u00e9unit des images de femmes nues ou \u00e0 demi-nues, tir\u00e9es de magazines de mode ou de lingerie, de revues pornographiques mais surtout de publications m\u00e9dicales, de trait\u00e9s d&#8217;anatomie ou de pathologies gyn\u00e9cologiques.&#8221;<\/em><\/p>\n","protected":false},"excerpt":{"rendered":"<p>Le jardin de la m\u00e9moire est l&#8217;histoire d&#8217;un homme, Armand Schulthess. Un homme qui travailla comme commis au D\u00e9partement f\u00e9d\u00e9ral de l&#8217;\u00e9conomie publique \u00e0 Berne, d\u00e9crit comme silencieux, effac\u00e9, humble. Un homme que la vie a bless\u00e9, ses deux p\u00e8res meurent pr\u00e9cocement, il traverse deux divorces et le d\u00e9c\u00e8s de son enfant de 8 mois. [&hellip;]<\/p>\n","protected":false},"author":1,"featured_media":7706,"comment_status":"closed","ping_status":"open","sticky":false,"template":"","format":"standard","meta":{"_jetpack_newsletter_access":"","_jetpack_dont_email_post_to_subs":false,"_jetpack_newsletter_tier_id":0,"_jetpack_memberships_contains_paywalled_content":false,"_jetpack_feature_clip_id":0,"_jetpack_memberships_contains_paid_content":false,"footnotes":"","jetpack_post_was_ever_published":false},"categories":[2,156],"tags":[67,64,54],"class_list":["post-7705","post","type-post","status-publish","format-standard","has-post-thumbnail","hentry","category-book","category-challenge-abc-2021-2022","tag-creativity","tag-madness","tag-solitude"],"jetpack_sharing_enabled":true,"jetpack_featured_media_url":"https:\/\/i0.wp.com\/redheadwithabrain.ch\/wp-content\/uploads\/2021\/11\/pamela-callaway-aBYhjZVfNfU-unsplash-scaled.jpg?fit=2560%2C1709&ssl=1","_links":{"self":[{"href":"https:\/\/redheadwithabrain.ch\/index.php\/wp-json\/wp\/v2\/posts\/7705","targetHints":{"allow":["GET"]}}],"collection":[{"href":"https:\/\/redheadwithabrain.ch\/index.php\/wp-json\/wp\/v2\/posts"}],"about":[{"href":"https:\/\/redheadwithabrain.ch\/index.php\/wp-json\/wp\/v2\/types\/post"}],"author":[{"embeddable":true,"href":"https:\/\/redheadwithabrain.ch\/index.php\/wp-json\/wp\/v2\/users\/1"}],"replies":[{"embeddable":true,"href":"https:\/\/redheadwithabrain.ch\/index.php\/wp-json\/wp\/v2\/comments?post=7705"}],"version-history":[{"count":5,"href":"https:\/\/redheadwithabrain.ch\/index.php\/wp-json\/wp\/v2\/posts\/7705\/revisions"}],"predecessor-version":[{"id":7722,"href":"https:\/\/redheadwithabrain.ch\/index.php\/wp-json\/wp\/v2\/posts\/7705\/revisions\/7722"}],"wp:featuredmedia":[{"embeddable":true,"href":"https:\/\/redheadwithabrain.ch\/index.php\/wp-json\/wp\/v2\/media\/7706"}],"wp:attachment":[{"href":"https:\/\/redheadwithabrain.ch\/index.php\/wp-json\/wp\/v2\/media?parent=7705"}],"wp:term":[{"taxonomy":"category","embeddable":true,"href":"https:\/\/redheadwithabrain.ch\/index.php\/wp-json\/wp\/v2\/categories?post=7705"},{"taxonomy":"post_tag","embeddable":true,"href":"https:\/\/redheadwithabrain.ch\/index.php\/wp-json\/wp\/v2\/tags?post=7705"}],"curies":[{"name":"wp","href":"https:\/\/api.w.org\/{rel}","templated":true}]}}