{"id":7825,"date":"2021-12-03T16:00:10","date_gmt":"2021-12-03T15:00:10","guid":{"rendered":"https:\/\/redheadwithabrain.ch\/?p=7825"},"modified":"2024-02-28T16:46:25","modified_gmt":"2024-02-28T15:46:25","slug":"six-pieds-sur-terre-deuxieme-serie-de-leau-pour-tous-courrier-international-id4d-2021","status":"publish","type":"post","link":"https:\/\/redheadwithabrain.ch\/index.php\/2021\/12\/03\/six-pieds-sur-terre-deuxieme-serie-de-leau-pour-tous-courrier-international-id4d-2021\/","title":{"rendered":"Six pieds sur Terre &#8211; Deuxi\u00e8me s\u00e9rie : de l\u2019eau pour tous ? &#8211; Courrier international &#038; ID4D (2021)"},"content":{"rendered":"\n<p class=\"wp-block-paragraph\">Cette deuxi\u00e8me s\u00e9rie du podcast &#8220;Six pieds sous Terre&#8221; est consacr\u00e9e \u00e0 l&#8217;eau. Un \u00e9crivain \u00e9gyptien nous raconte le Nil, son Nil, sa colonne vert\u00e9brale, qui lui manque tant en exil. Un agro\u00e9conomiste qu\u00e9becois nous raconte comment l&#8217;eau est vraiment devenue l&#8217;or bleu, un bien dont le prix se marchande. Deux \u00e9pisodes nous font voyager le long du fleuve Congo \u00e0 Brazzaville et r\u00e9aliser que certains pays ont de gros soucis d&#8217;approvisionnement d&#8217;eau, comme \u00e0 S\u00e3o Paolo au Br\u00e9sil. Le dernier \u00e9pisode est tout en po\u00e9sie avec l&#8217;artiste sonore&nbsp;Azadeh Nilchiani&nbsp;qui nous emm\u00e8ne en Iran, \u00e0 Ispahan, dans les jardins&nbsp;aquatiques pour \u00e9couter l&#8217;eau. Cinq petits \u00e9pisodes qui nous font nous souvenir que &#8220;tout est eau&#8221;, principe de toute chose et donc \u00e0 respecter. <\/p>\n\n\n\n<p class=\"wp-block-paragraph\"><em>&#8220;Je voulais prendre l&#8217;exemple de ce jardin aquatique qui est situ\u00e9 \u00e0 Kashan, du 16\u1d49 si\u00e8cle, qui s&#8217;appelle Bagh-e Fin, qui est un jardin avec une source d&#8217;eau, qui est situ\u00e9e derri\u00e8re le jardin, mais ce qui fait que, en fait, \u00e0 l&#8217;entr\u00e9e de l&#8217;eau dans ce jardin, il y a un grand bassin tapiss\u00e9 de plein d&#8217;entr\u00e9es d&#8217;eau et ce syst\u00e8me extraordinaire qui \u00e9tait mis en place sans avoir besoin d&#8217;aucun m\u00e9canisme pour faire circuler l&#8217;eau avec le principe, en utilisant le principe de gravitation, qui permet aussi d&#8217;avoir une distribution de l&#8217;eau dans tout le jardin. Il s&#8217;agit vraiment des cours d&#8217;eau qui poss\u00e8dent plein, plein de fontaines tout au long et puis \u00e7a se termine aussi dans diff\u00e9rents bassins qui sont tant\u00f4t sous les arcs dans une partie de l&#8217;architecture, mais tant\u00f4t \u00e0 l&#8217;ext\u00e9rieur, qu&#8217;on peut voir parfois des morceaux de l&#8217;architecture, le reflet, qui nous donne une autre exp\u00e9rience de l&#8217;architecture, qui enl\u00e8ve de sa rigidit\u00e9 et qui la m\u00e9lange aussi avec le ciel, avec les oiseaux qui passent, avec les passants, avec tous les \u00e9l\u00e9ments de la nature, et ce bleu ciel qui vient finalement se m\u00e9langer avec les carrelages bleu turquoise qui tapissent tous ces cours d&#8217;eau, et puis tous les d\u00e9tails qu&#8217;on peut \u00e9couter chez chaque fontaine qui sonne diff\u00e9remment. Ils sont tous la m\u00eame taille presque et par contre, ils ont des sorties de l&#8217;eau chacun diff\u00e9remment, donc presque on peut avoir une polyrythmie par l&#8217;eau qui sort en permanence de ces diff\u00e9rents points. Et, en m\u00eame temps, il y a cette qualit\u00e9 qui s&#8217;approche de bruit blanc, ce qui fait qu&#8217;il y a une intimit\u00e9 de paroles quand on est accompagn\u00e9 de quelqu&#8217;un et \u00e7a a \u00e9t\u00e9 toujours aussi un point tr\u00e8s fascinant pour moi dans un pays, l\u00e0 o\u00f9 on est priv\u00e9 de la libert\u00e9 d&#8217;expression. Est-ce que ces jardins sont des lieux de libert\u00e9, des lieux d&#8217;\u00e9change et il y a cette intimit\u00e9 de parole qui est permise par cet environnement sonore.&#8221;<\/em><\/p>\n\n\n\n<p class=\"wp-block-paragraph\" style=\"font-size:15px\"><strong><span style=\"background-color:rgba(0, 0, 0, 0)\" class=\"has-inline-color has-colibri-color-4-color\">Cinq \u00e9pisodes d&#8217;environ 10 minutes chacun<\/span><\/strong><\/p>\n\n\n\n<p class=\"wp-block-paragraph\" style=\"font-size:15px\">\u00c9pisode 1. Le Nil, ma ligne de vie, avec Alaa El-Aswany<br>\u00c9pisode 2. Sp\u00e9culation sur l&#8217;or bleu avec Nicolas Mesly<br>\u00c9pisode 3. \u00c0 Brazzaville, un combat pour l&#8217;eau potable, avec Emmanuel Dongala<br>\u00c9pisode 4. Quand Sao Paulo \u00e9tait \u00e0 sec, par Peter Gammeltoft<br>\u00c9pisode 5. Dans les jardins d&#8217;Ospahan, avec Azadeh Nilchiani<br><br><\/p>\n","protected":false},"excerpt":{"rendered":"<p>Cette deuxi\u00e8me s\u00e9rie du podcast &#8220;Six pieds sous Terre&#8221; est consacr\u00e9e \u00e0 l&#8217;eau. Un \u00e9crivain \u00e9gyptien nous raconte le Nil, son Nil, sa colonne vert\u00e9brale, qui lui manque tant en exil. Un agro\u00e9conomiste qu\u00e9becois nous raconte comment l&#8217;eau est vraiment devenue l&#8217;or bleu, un bien dont le prix se marchande. Deux \u00e9pisodes nous font voyager [&hellip;]<\/p>\n","protected":false},"author":1,"featured_media":7827,"comment_status":"closed","ping_status":"open","sticky":false,"template":"","format":"standard","meta":{"_jetpack_newsletter_access":"","_jetpack_dont_email_post_to_subs":false,"_jetpack_newsletter_tier_id":0,"_jetpack_memberships_contains_paywalled_content":false,"_jetpack_feature_clip_id":0,"_jetpack_memberships_contains_paid_content":false,"footnotes":"","jetpack_post_was_ever_published":false},"categories":[76],"tags":[74,132,83],"class_list":["post-7825","post","type-post","status-publish","format-standard","has-post-thumbnail","hentry","category-podcasts","tag-environment","tag-fear","tag-water"],"jetpack_sharing_enabled":true,"jetpack_featured_media_url":"https:\/\/i0.wp.com\/redheadwithabrain.ch\/wp-content\/uploads\/2021\/12\/anastasia-taioglou-CTivHyiTbFw-unsplash-1-scaled.jpg?fit=2560%2C1700&ssl=1","_links":{"self":[{"href":"https:\/\/redheadwithabrain.ch\/index.php\/wp-json\/wp\/v2\/posts\/7825","targetHints":{"allow":["GET"]}}],"collection":[{"href":"https:\/\/redheadwithabrain.ch\/index.php\/wp-json\/wp\/v2\/posts"}],"about":[{"href":"https:\/\/redheadwithabrain.ch\/index.php\/wp-json\/wp\/v2\/types\/post"}],"author":[{"embeddable":true,"href":"https:\/\/redheadwithabrain.ch\/index.php\/wp-json\/wp\/v2\/users\/1"}],"replies":[{"embeddable":true,"href":"https:\/\/redheadwithabrain.ch\/index.php\/wp-json\/wp\/v2\/comments?post=7825"}],"version-history":[{"count":7,"href":"https:\/\/redheadwithabrain.ch\/index.php\/wp-json\/wp\/v2\/posts\/7825\/revisions"}],"predecessor-version":[{"id":14668,"href":"https:\/\/redheadwithabrain.ch\/index.php\/wp-json\/wp\/v2\/posts\/7825\/revisions\/14668"}],"wp:featuredmedia":[{"embeddable":true,"href":"https:\/\/redheadwithabrain.ch\/index.php\/wp-json\/wp\/v2\/media\/7827"}],"wp:attachment":[{"href":"https:\/\/redheadwithabrain.ch\/index.php\/wp-json\/wp\/v2\/media?parent=7825"}],"wp:term":[{"taxonomy":"category","embeddable":true,"href":"https:\/\/redheadwithabrain.ch\/index.php\/wp-json\/wp\/v2\/categories?post=7825"},{"taxonomy":"post_tag","embeddable":true,"href":"https:\/\/redheadwithabrain.ch\/index.php\/wp-json\/wp\/v2\/tags?post=7825"}],"curies":[{"name":"wp","href":"https:\/\/api.w.org\/{rel}","templated":true}]}}