{"id":7846,"date":"2021-12-11T21:42:00","date_gmt":"2021-12-11T20:42:00","guid":{"rendered":"https:\/\/redheadwithabrain.ch\/?p=7846"},"modified":"2021-12-13T22:28:57","modified_gmt":"2021-12-13T21:28:57","slug":"les-fleurs-et-le-japon-muriel-barbery-2021","status":"publish","type":"post","link":"https:\/\/redheadwithabrain.ch\/index.php\/2021\/12\/11\/les-fleurs-et-le-japon-muriel-barbery-2021\/","title":{"rendered":"Les fleurs et le Japon &#8211; Muriel Barbery (2021)"},"content":{"rendered":"\n<p class=\"wp-block-paragraph\">Invit\u00e9e par la Soci\u00e9t\u00e9 de lecture de Gen\u00e8ve le 4 novembre, Muriel Barbery nous parle de sa passion du Japon et de son dernier roman &#8220;Une Rose seule&#8221; paru en 2020. Interrog\u00e9e par Alexandre Demidoff, c&#8217;est un entretien empreint de douceur. Muriel Barbery explique que ce qu&#8217;elle voulait avant tout \u00e9tait d&#8217;\u00e9crire, et non de publier, et qu&#8217;elle s&#8217;\u00e9tonne encore \u00e0 pr\u00e9sent d&#8217;\u00eatre un \u00e9crivain qui peut vivre de sa plume. Elle raconte qu&#8217;elle explore encore, qu&#8217;elle doit changer de genre \u00e0 chaque roman, que des th\u00e8mes surgissent \u00e0 chaque fois de nulle part, que ce n&#8217;est pas un livre qui la transforme, mais toute son \u0153uvre dans sa continuit\u00e9. Que ce dernier roman qui se passe \u00e0 Kyoto, elle a mis 15 ans \u00e0 l&#8217;\u00e9crire, \u00e0 oser l&#8217;\u00e9crire. Un roman de jardins, de fleurs, de deuil et de renaissance. Tr\u00e8s tendre conf\u00e9rence. <\/p>\n\n\n\n<p class=\"wp-block-paragraph\"><em>&#8220;- Il y a cette phrase qui revient et sur laquelle je voulais vous entendre qui est &#8220;Nous marchons en ce monde sur le toit de l&#8217;enfer en regardant les fleurs&#8221;.<br>&#8211; Alors \u00e7a, c&#8217;est de Issa, c&#8217;est pas de moi celui-l\u00e0, c&#8217;est vraiment bien de Issa. Issa est un de mes po\u00e8tes japonais favoris et ces ha\u00efkus m&#8217;accompagnent depuis longtemps et celui-ci &#8220;Nous marchons en ce monde sur le toit de l&#8217;enfer en regardant les fleurs&#8221;, je l&#8217;ai lu il y a une dizaine d&#8217;ann\u00e9es \u00e0 peu pr\u00e8s et le lisant d&#8217;abord je me suis dit que c&#8217;\u00e9tait une cristallisation et un r\u00e9sum\u00e9 de l&#8217;essence de l&#8217;existence absolument sid\u00e9rant. Comment en trois vers peut-on avec une telle acuit\u00e9, avec une intelligence aussi aiguis\u00e9e, rendre compte de l&#8217;enfer et des fleurs de l&#8217;existence, du balancement qui est le n\u00f4tre en permanence entre les fleurs du plaisir et les souffrances de l&#8217;enfer. J&#8217;ai \u00e9t\u00e9 boulevers\u00e9e par ce qui me bouleverse toujours dans la po\u00e9sie japonaise, c&#8217;est-\u00e0 dire chez les grands po\u00e8tes, l&#8217;aptitude de dire tout avec presque rien.&#8221;<\/em><\/p>\n","protected":false},"excerpt":{"rendered":"<p>Invit\u00e9e par la Soci\u00e9t\u00e9 de lecture de Gen\u00e8ve le 4 novembre, Muriel Barbery nous parle de sa passion du Japon et de son dernier roman &#8220;Une Rose seule&#8221; paru en 2020. Interrog\u00e9e par Alexandre Demidoff, c&#8217;est un entretien empreint de douceur. Muriel Barbery explique que ce qu&#8217;elle voulait avant tout \u00e9tait d&#8217;\u00e9crire, et non de [&hellip;]<\/p>\n","protected":false},"author":1,"featured_media":7847,"comment_status":"closed","ping_status":"open","sticky":false,"template":"","format":"standard","meta":{"_jetpack_newsletter_access":"","_jetpack_dont_email_post_to_subs":false,"_jetpack_newsletter_tier_id":0,"_jetpack_memberships_contains_paywalled_content":false,"_jetpack_feature_clip_id":0,"_jetpack_memberships_contains_paid_content":false,"footnotes":"","jetpack_post_was_ever_published":false},"categories":[96],"tags":[56,28,135],"class_list":["post-7846","post","type-post","status-publish","format-standard","has-post-thumbnail","hentry","category-conferences","tag-death","tag-nature","tag-peace"],"jetpack_sharing_enabled":true,"jetpack_featured_media_url":"https:\/\/i0.wp.com\/redheadwithabrain.ch\/wp-content\/uploads\/2021\/12\/masaaki-komori-G9phySJdKYo-unsplash-scaled.jpg?fit=1709%2C2560&ssl=1","_links":{"self":[{"href":"https:\/\/redheadwithabrain.ch\/index.php\/wp-json\/wp\/v2\/posts\/7846","targetHints":{"allow":["GET"]}}],"collection":[{"href":"https:\/\/redheadwithabrain.ch\/index.php\/wp-json\/wp\/v2\/posts"}],"about":[{"href":"https:\/\/redheadwithabrain.ch\/index.php\/wp-json\/wp\/v2\/types\/post"}],"author":[{"embeddable":true,"href":"https:\/\/redheadwithabrain.ch\/index.php\/wp-json\/wp\/v2\/users\/1"}],"replies":[{"embeddable":true,"href":"https:\/\/redheadwithabrain.ch\/index.php\/wp-json\/wp\/v2\/comments?post=7846"}],"version-history":[{"count":3,"href":"https:\/\/redheadwithabrain.ch\/index.php\/wp-json\/wp\/v2\/posts\/7846\/revisions"}],"predecessor-version":[{"id":7850,"href":"https:\/\/redheadwithabrain.ch\/index.php\/wp-json\/wp\/v2\/posts\/7846\/revisions\/7850"}],"wp:featuredmedia":[{"embeddable":true,"href":"https:\/\/redheadwithabrain.ch\/index.php\/wp-json\/wp\/v2\/media\/7847"}],"wp:attachment":[{"href":"https:\/\/redheadwithabrain.ch\/index.php\/wp-json\/wp\/v2\/media?parent=7846"}],"wp:term":[{"taxonomy":"category","embeddable":true,"href":"https:\/\/redheadwithabrain.ch\/index.php\/wp-json\/wp\/v2\/categories?post=7846"},{"taxonomy":"post_tag","embeddable":true,"href":"https:\/\/redheadwithabrain.ch\/index.php\/wp-json\/wp\/v2\/tags?post=7846"}],"curies":[{"name":"wp","href":"https:\/\/api.w.org\/{rel}","templated":true}]}}