{"id":7942,"date":"2021-12-26T21:13:46","date_gmt":"2021-12-26T20:13:46","guid":{"rendered":"https:\/\/redheadwithabrain.ch\/?p=7942"},"modified":"2021-12-31T17:50:19","modified_gmt":"2021-12-31T16:50:19","slug":"blanc-autour-wilfred-lupano-stephane-fert-2020","status":"publish","type":"post","link":"https:\/\/redheadwithabrain.ch\/index.php\/2021\/12\/26\/blanc-autour-wilfred-lupano-stephane-fert-2020\/","title":{"rendered":"Blanc autour &#8211; Wilfred Lupano &amp; St\u00e9phane Fert (2020)"},"content":{"rendered":"\n<p class=\"wp-block-paragraph\">Nouvelle Angleterre, 1832, les noirs sont libres mais n&#8217;ont aucun droit. Une petite \u00e9cole pour jeunes filles de bonne famille, tenue par Prudence Crandall&#8230; qui d\u00e9cide d&#8217;y accueillir une petite fille \u00e0 la peau fonc\u00e9e. Les blancs biens\u00e9ants d\u00e9cident qu&#8217;ils n&#8217;y mettront plus leurs filles. Qu&#8217;\u00e0 cela ne tienne, l&#8217;\u00e9cole deviendra une \u00e9cole pour jeunes filles noires. Mais l&#8217;hostilit\u00e9, verbale, physique, psychologique, que cela entra\u00eene, jusqu&#8217;\u00e0 bruler la maison de Prudence, aura raison de l&#8217;\u00e9cole et de sa directrice. Le dessin est tr\u00e8s joli, tr\u00e8s fin, de belles couleurs. L&#8217;histoire, vraie, fend le c\u0153ur, r\u00e9volte l&#8217;\u00e2me, tord l&#8217;int\u00e9rieur. Des souffrances que je n&#8217;ose imaginer.<\/p>\n\n\n\n<p class=\"wp-block-paragraph\"><em>&#8220;- Je ne comprends pas. Elle est si g\u00e9n\u00e9reuse. Si intelligente. Si instruite. Si forte! Elle n&#8217;a pas un seul soupirant.<\/em><br>&#8211;<em> Je crains que beaucoup des qualit\u00e9s que vous venez de nommer ne soient consid\u00e9r\u00e9es comme des handicaps par les hommes en \u00e2ge de se marier&#8230;&#8221;<\/em><\/p>\n\n\n\n<div class=\"wp-block-image is-style-default\"><figure class=\"aligncenter size-large\"><img data-recalc-dims=\"1\" loading=\"lazy\" decoding=\"async\" width=\"904\" height=\"1024\" src=\"https:\/\/i0.wp.com\/redheadwithabrain.ch\/wp-content\/uploads\/2021\/12\/20211231_1708382.jpg?resize=904%2C1024&#038;ssl=1\" alt=\"\" class=\"wp-image-8039\" srcset=\"https:\/\/i0.wp.com\/redheadwithabrain.ch\/wp-content\/uploads\/2021\/12\/20211231_1708382-scaled.jpg?resize=904%2C1024&amp;ssl=1 904w, https:\/\/i0.wp.com\/redheadwithabrain.ch\/wp-content\/uploads\/2021\/12\/20211231_1708382-scaled.jpg?resize=265%2C300&amp;ssl=1 265w, https:\/\/i0.wp.com\/redheadwithabrain.ch\/wp-content\/uploads\/2021\/12\/20211231_1708382-scaled.jpg?resize=768%2C870&amp;ssl=1 768w, https:\/\/i0.wp.com\/redheadwithabrain.ch\/wp-content\/uploads\/2021\/12\/20211231_1708382-scaled.jpg?resize=1356%2C1536&amp;ssl=1 1356w, https:\/\/i0.wp.com\/redheadwithabrain.ch\/wp-content\/uploads\/2021\/12\/20211231_1708382-scaled.jpg?resize=1808%2C2048&amp;ssl=1 1808w, https:\/\/i0.wp.com\/redheadwithabrain.ch\/wp-content\/uploads\/2021\/12\/20211231_1708382-scaled.jpg?w=2000&amp;ssl=1 2000w\" sizes=\"auto, (max-width: 904px) 100vw, 904px\" \/><\/figure><\/div>\n","protected":false},"excerpt":{"rendered":"<p>Nouvelle Angleterre, 1832, les noirs sont libres mais n&#8217;ont aucun droit. Une petite \u00e9cole pour jeunes filles de bonne famille, tenue par Prudence Crandall&#8230; qui d\u00e9cide d&#8217;y accueillir une petite fille \u00e0 la peau fonc\u00e9e. Les blancs biens\u00e9ants d\u00e9cident qu&#8217;ils n&#8217;y mettront plus leurs filles. Qu&#8217;\u00e0 cela ne tienne, l&#8217;\u00e9cole deviendra une \u00e9cole pour jeunes [&hellip;]<\/p>\n","protected":false},"author":1,"featured_media":7954,"comment_status":"closed","ping_status":"open","sticky":false,"template":"","format":"standard","meta":{"_jetpack_newsletter_access":"","_jetpack_dont_email_post_to_subs":false,"_jetpack_newsletter_tier_id":0,"_jetpack_memberships_contains_paywalled_content":false,"_jetpack_feature_clip_id":0,"_jetpack_memberships_contains_paid_content":false,"footnotes":"","jetpack_post_was_ever_published":false},"categories":[103],"tags":[112,43,32],"class_list":["post-7942","post","type-post","status-publish","format-standard","has-post-thumbnail","hentry","category-graphic-2021","tag-history","tag-racism","tag-women"],"jetpack_sharing_enabled":true,"jetpack_featured_media_url":"https:\/\/i0.wp.com\/redheadwithabrain.ch\/wp-content\/uploads\/2021\/12\/abubakar-balogun-OlJk99PX0Os-unsplash-scaled.jpg?fit=2560%2C1696&ssl=1","_links":{"self":[{"href":"https:\/\/redheadwithabrain.ch\/index.php\/wp-json\/wp\/v2\/posts\/7942","targetHints":{"allow":["GET"]}}],"collection":[{"href":"https:\/\/redheadwithabrain.ch\/index.php\/wp-json\/wp\/v2\/posts"}],"about":[{"href":"https:\/\/redheadwithabrain.ch\/index.php\/wp-json\/wp\/v2\/types\/post"}],"author":[{"embeddable":true,"href":"https:\/\/redheadwithabrain.ch\/index.php\/wp-json\/wp\/v2\/users\/1"}],"replies":[{"embeddable":true,"href":"https:\/\/redheadwithabrain.ch\/index.php\/wp-json\/wp\/v2\/comments?post=7942"}],"version-history":[{"count":4,"href":"https:\/\/redheadwithabrain.ch\/index.php\/wp-json\/wp\/v2\/posts\/7942\/revisions"}],"predecessor-version":[{"id":8040,"href":"https:\/\/redheadwithabrain.ch\/index.php\/wp-json\/wp\/v2\/posts\/7942\/revisions\/8040"}],"wp:featuredmedia":[{"embeddable":true,"href":"https:\/\/redheadwithabrain.ch\/index.php\/wp-json\/wp\/v2\/media\/7954"}],"wp:attachment":[{"href":"https:\/\/redheadwithabrain.ch\/index.php\/wp-json\/wp\/v2\/media?parent=7942"}],"wp:term":[{"taxonomy":"category","embeddable":true,"href":"https:\/\/redheadwithabrain.ch\/index.php\/wp-json\/wp\/v2\/categories?post=7942"},{"taxonomy":"post_tag","embeddable":true,"href":"https:\/\/redheadwithabrain.ch\/index.php\/wp-json\/wp\/v2\/tags?post=7942"}],"curies":[{"name":"wp","href":"https:\/\/api.w.org\/{rel}","templated":true}]}}