{"id":8179,"date":"2021-12-19T12:43:00","date_gmt":"2021-12-19T11:43:00","guid":{"rendered":"https:\/\/redheadwithabrain.ch\/?p=8179"},"modified":"2022-01-06T14:05:57","modified_gmt":"2022-01-06T13:05:57","slug":"conte-dal-muttawakkil-et-de-mahbuba-nuits-352-et-353","status":"publish","type":"post","link":"https:\/\/redheadwithabrain.ch\/index.php\/2021\/12\/19\/conte-dal-muttawakkil-et-de-mahbuba-nuits-352-et-353\/","title":{"rendered":"Conte d&#8217;Al-Muttawakkil et de Mahb\u00fbba &#8211; Nuits 352 et 353"},"content":{"rendered":"\n<p class=\"wp-block-paragraph\">Le Commandeur des croyants, Al-Muttawakkil &#8216;al\u00e2-Il\u00e2h est fou amoureux d&#8217;une de ses concubines, Mahn\u00fbba. Celle-ci  le sachant prend des grands airs ce qui f\u00e2che Al-Muttawakkil qui ne veut plus la voir. Cependant, un soir, il r\u00eave qu&#8217;il fait la paix avec elle et elle fait le m\u00eame r\u00eave. R\u00e9conciliation sur l&#8217;oreiller pendant sept jours et spet nuits. Quand Al-Muttawakkil meurt, elle est la seule \u00e0 le pleurer et meurt de tristesse.<\/p>\n\n\n\n<p class=\"has-text-align-center wp-block-paragraph\">&#8220;<em>Je vais et viens en ce palais, mais personne<\/em><br><em>pour \u00e9couter ma plainte et me parler.<\/em><br><em>Aurais-je donc commis quelque p\u00e9ch\u00e9<\/em><br><em>dont aucun repentir ne me lib\u00e9rerait ?<\/em><br><em>N&#8217;y aura-t-il personne pour plaider ma cause aupr\u00e8s d&#8217;un roi<\/em><br><em>qui est venu, dans mon sommeil, faire la paix avec moi<\/em><br><em>Et puis, d\u00e8s que le jour a lui, est retourn\u00e9<\/em><br><em>\u00e0 sa froideur et m&#8217;a quitt\u00e9e ?<\/em>&#8220;<\/p>\n","protected":false},"excerpt":{"rendered":"<p>Le Commandeur des croyants, Al-Muttawakkil &#8216;al\u00e2-Il\u00e2h est fou amoureux d&#8217;une de ses concubines, Mahn\u00fbba. Celle-ci le sachant prend des grands airs ce qui f\u00e2che Al-Muttawakkil qui ne veut plus la voir. Cependant, un soir, il r\u00eave qu&#8217;il fait la paix avec elle et elle fait le m\u00eame r\u00eave. R\u00e9conciliation sur l&#8217;oreiller pendant sept jours et [&hellip;]<\/p>\n","protected":false},"author":1,"featured_media":8180,"comment_status":"closed","ping_status":"open","sticky":false,"template":"","format":"standard","meta":{"_jetpack_newsletter_access":"","_jetpack_dont_email_post_to_subs":false,"_jetpack_newsletter_tier_id":0,"_jetpack_memberships_contains_paywalled_content":false,"_jetpack_feature_clip_id":0,"_jetpack_memberships_contains_paid_content":false,"footnotes":"","jetpack_post_was_ever_published":false},"categories":[11],"tags":[19,13,65],"class_list":["post-8179","post","type-post","status-publish","format-standard","has-post-thumbnail","hentry","category-les-mille-et-une-nuits","tag-love","tag-resilience","tag-sadness"],"jetpack_sharing_enabled":true,"jetpack_featured_media_url":"https:\/\/i0.wp.com\/redheadwithabrain.ch\/wp-content\/uploads\/2022\/01\/mosque-gdbbbfbed7_1920.jpg?fit=1920%2C1129&ssl=1","_links":{"self":[{"href":"https:\/\/redheadwithabrain.ch\/index.php\/wp-json\/wp\/v2\/posts\/8179","targetHints":{"allow":["GET"]}}],"collection":[{"href":"https:\/\/redheadwithabrain.ch\/index.php\/wp-json\/wp\/v2\/posts"}],"about":[{"href":"https:\/\/redheadwithabrain.ch\/index.php\/wp-json\/wp\/v2\/types\/post"}],"author":[{"embeddable":true,"href":"https:\/\/redheadwithabrain.ch\/index.php\/wp-json\/wp\/v2\/users\/1"}],"replies":[{"embeddable":true,"href":"https:\/\/redheadwithabrain.ch\/index.php\/wp-json\/wp\/v2\/comments?post=8179"}],"version-history":[{"count":4,"href":"https:\/\/redheadwithabrain.ch\/index.php\/wp-json\/wp\/v2\/posts\/8179\/revisions"}],"predecessor-version":[{"id":8203,"href":"https:\/\/redheadwithabrain.ch\/index.php\/wp-json\/wp\/v2\/posts\/8179\/revisions\/8203"}],"wp:featuredmedia":[{"embeddable":true,"href":"https:\/\/redheadwithabrain.ch\/index.php\/wp-json\/wp\/v2\/media\/8180"}],"wp:attachment":[{"href":"https:\/\/redheadwithabrain.ch\/index.php\/wp-json\/wp\/v2\/media?parent=8179"}],"wp:term":[{"taxonomy":"category","embeddable":true,"href":"https:\/\/redheadwithabrain.ch\/index.php\/wp-json\/wp\/v2\/categories?post=8179"},{"taxonomy":"post_tag","embeddable":true,"href":"https:\/\/redheadwithabrain.ch\/index.php\/wp-json\/wp\/v2\/tags?post=8179"}],"curies":[{"name":"wp","href":"https:\/\/api.w.org\/{rel}","templated":true}]}}