{"id":8476,"date":"2022-01-13T12:51:00","date_gmt":"2022-01-13T11:51:00","guid":{"rendered":"https:\/\/redheadwithabrain.ch\/?p=8476"},"modified":"2024-11-04T21:38:40","modified_gmt":"2024-11-04T20:38:40","slug":"les-ritals-bruno-puzulu-2022","status":"publish","type":"post","link":"https:\/\/redheadwithabrain.ch\/index.php\/2022\/01\/13\/les-ritals-bruno-puzulu-2022\/","title":{"rendered":"Les Ritals &#8211; Bruno Puzulu (2022)"},"content":{"rendered":"\n<p class=\"wp-block-paragraph\">Un one-man-show avec le magnifique texte de Cavanna. Un one-man-show et un accord\u00e9oniste pour \u00eatre exact. L&#8217;enfance de Cavanna entre son p\u00e8re immigr\u00e9 italien et sa m\u00e8re fran\u00e7aise. Enfin, c&#8217;est surtout l&#8217;histoire de son p\u00e8re, de la pauvret\u00e9, du racisme sous-jacent, mais \u00e9galement de ces moments de bonheur \u00e0 deux, de cette admiration du fils pour ce p\u00e8re qui travaille sur les chantiers. Une tr\u00e8s jolie mise-en-sc\u00e8ne, simple, mais suffisante pour mettre les paroles en relief et juste ce qu&#8217;il faut d&#8217;accord\u00e9on pour compl\u00e9ter le tout. <\/p>\n\n\n\n<p class=\"wp-block-paragraph\"><em>&#8220;En trois printemps, le p\u00eacher eut deux m\u00e8tres de haut. Et un joli bouquet de fleurs blanches au bout de son tronc gros comme un manche \u00e0 balai. Et l&#8217;une de ces fleurs devint promesse de p\u00eache, et puis, mais oui, p\u00eache. Grosse comme une olive, couverte de poils blancs comme un vieux pas ras\u00e9, elle se cramponnait \u00e0 sa brindille, elle se balan\u00e7ait, elle vivait, merveille\u202f!<br \/>C&#8217;\u00e9tait un printemps dans le genre coup de poignard dans le dos. Du soleil \u00e0 flots et, rran, sans pr\u00e9venir, des gr\u00ealons comme des pav\u00e9s. La petite p\u00eache n&#8217;avait aucune chance. Oui, mais elle avait papa. Qui, un soir, apr\u00e8s le boulot, \u00e0 la nuit tomb\u00e9e, fit ce qu&#8217;il fallait faire.<br \/>Le lendemain, un grand parapluie noir s&#8217;\u00e9ployait au-dessus du petit p\u00eacher, qu&#8217;il couvrait tout entier. O\u00f9 papa l&#8217;avait d\u00e9gott\u00e9, va savoir. Papa trouvait toujours la chose qu&#8217;il fallait au moment o\u00f9 il fallait. Il avait ficel\u00e9 le manche du parapluie au tronc du p\u00eacher, la poign\u00e9e en forme de canne se recourbait vers le haut, c&#8217;\u00e9tait un parapluie d&#8217;homme, d&#8217;homme comme il faut.&#8221;<\/em><\/p>\n","protected":false},"excerpt":{"rendered":"<p>Un one-man-show avec le magnifique texte de Cavanna. Un one-man-show et un accord\u00e9oniste pour \u00eatre exact. L&#8217;enfance de Cavanna entre son p\u00e8re immigr\u00e9 italien et sa m\u00e8re fran\u00e7aise. Enfin, c&#8217;est surtout l&#8217;histoire de son p\u00e8re, de la pauvret\u00e9, du racisme sous-jacent, mais \u00e9galement de ces moments de bonheur \u00e0 deux, de cette admiration du fils [&hellip;]<\/p>\n","protected":false},"author":1,"featured_media":8475,"comment_status":"closed","ping_status":"open","sticky":false,"template":"","format":"standard","meta":{"_jetpack_newsletter_access":"","_jetpack_dont_email_post_to_subs":false,"_jetpack_newsletter_tier_id":0,"_jetpack_memberships_contains_paywalled_content":false,"_jetpack_feature_clip_id":0,"_jetpack_memberships_contains_paid_content":false,"footnotes":"","jetpack_post_was_ever_published":false},"categories":[269],"tags":[31,47,43],"class_list":["post-8476","post","type-post","status-publish","format-standard","has-post-thumbnail","hentry","category-autres","tag-family","tag-humour","tag-racism"],"jetpack_sharing_enabled":true,"jetpack_featured_media_url":"https:\/\/i0.wp.com\/redheadwithabrain.ch\/wp-content\/uploads\/2022\/01\/mariah-krafft-OeIr5prTLPk-unsplash-scaled.jpg?fit=2560%2C1707&ssl=1","_links":{"self":[{"href":"https:\/\/redheadwithabrain.ch\/index.php\/wp-json\/wp\/v2\/posts\/8476","targetHints":{"allow":["GET"]}}],"collection":[{"href":"https:\/\/redheadwithabrain.ch\/index.php\/wp-json\/wp\/v2\/posts"}],"about":[{"href":"https:\/\/redheadwithabrain.ch\/index.php\/wp-json\/wp\/v2\/types\/post"}],"author":[{"embeddable":true,"href":"https:\/\/redheadwithabrain.ch\/index.php\/wp-json\/wp\/v2\/users\/1"}],"replies":[{"embeddable":true,"href":"https:\/\/redheadwithabrain.ch\/index.php\/wp-json\/wp\/v2\/comments?post=8476"}],"version-history":[{"count":4,"href":"https:\/\/redheadwithabrain.ch\/index.php\/wp-json\/wp\/v2\/posts\/8476\/revisions"}],"predecessor-version":[{"id":8631,"href":"https:\/\/redheadwithabrain.ch\/index.php\/wp-json\/wp\/v2\/posts\/8476\/revisions\/8631"}],"wp:featuredmedia":[{"embeddable":true,"href":"https:\/\/redheadwithabrain.ch\/index.php\/wp-json\/wp\/v2\/media\/8475"}],"wp:attachment":[{"href":"https:\/\/redheadwithabrain.ch\/index.php\/wp-json\/wp\/v2\/media?parent=8476"}],"wp:term":[{"taxonomy":"category","embeddable":true,"href":"https:\/\/redheadwithabrain.ch\/index.php\/wp-json\/wp\/v2\/categories?post=8476"},{"taxonomy":"post_tag","embeddable":true,"href":"https:\/\/redheadwithabrain.ch\/index.php\/wp-json\/wp\/v2\/tags?post=8476"}],"curies":[{"name":"wp","href":"https:\/\/api.w.org\/{rel}","templated":true}]}}