{"id":8644,"date":"2021-10-22T17:28:00","date_gmt":"2021-10-22T15:28:00","guid":{"rendered":"https:\/\/redheadwithabrain.ch\/?p=8644"},"modified":"2022-02-13T22:34:23","modified_gmt":"2022-02-13T21:34:23","slug":"serenite-vs-chaos-comment-faire-sens-fabrice-midal-2021","status":"publish","type":"post","link":"https:\/\/redheadwithabrain.ch\/index.php\/2021\/10\/22\/serenite-vs-chaos-comment-faire-sens-fabrice-midal-2021\/","title":{"rendered":"S\u00e9r\u00e9nit\u00e9 vs chaos : comment faire sens ? &#8211; Fabrice Midal (2021)"},"content":{"rendered":"\n<p class=\"wp-block-paragraph\">Dans le cadre du Salon du Livre en Ville, Fabrice Midal a \u00e9t\u00e9 invit\u00e9 aux H\u00f4pitaux Universitaires de Gen\u00e8ve (HUG). Une conf\u00e9rence autour de ses th\u00e8mes de pr\u00e9dilection : hypersensibilit\u00e9, s\u00e9r\u00e9nit\u00e9, zenitude. Une conf\u00e9rence qui s&#8217;inscrit bien dans le chaos et les peurs v\u00e9cues lors de cette pand\u00e9mie et particuli\u00e8rement aux HUG. Int\u00e9ressant, de belles phrases, mais je ne suis pas totalement convaincue. J&#8217;aime juste beaucoup cette notion de s\u00e9r\u00e9nit\u00e9 dynamique, ne pas \u00e9touffer, g\u00e9rer ses \u00e9motions mais les vivre et avancer avec.<\/p>\n\n\n\n<p class=\"wp-block-paragraph\"><em>&#8220;J&#8217;essaye d&#8217;opposer deux mod\u00e8les, un mod\u00e8le de s\u00e9r\u00e9nit\u00e9 immobile et un mod\u00e8le de s\u00e9r\u00e9nit\u00e9 dynamique. Le mod\u00e8le de s\u00e9r\u00e9nit\u00e9 statique nous propose.. voil\u00e0&#8230; c&#8217;est \u00e7a, on va vous donner des cl\u00e9s pour que vous soyez zen en toute situation. Et j&#8217;ai une mauvais nouvelle \u00e0 vous apprendre, ce n&#8217;est pas possible. Personne n&#8217;a jamais \u00e9t\u00e9 zen et plus on dit aux gens &#8220;Soyez zen&#8221;, plus ils iront mal. Quand on fait face \u00e0 une \u00e9preuve, et ben on a peur, on est boulevers\u00e9, et \u00e7a c&#8217;est la vie. Et j&#8217;essaye de proposer un mod\u00e8le de s\u00e9r\u00e9nit\u00e9 que j&#8217;appelle dynamique plut\u00f4t que statique dans lequel on apprend comme on peut \u00e0 faire face aux \u00e9v\u00e9nements, \u00e0 \u00eatre dans le mouvement, un peu comme un surfeur, y&#8217;a des vagues et c&#8217;est beaucoup plus encourageant, r\u00e9confortant, d&#8217;essayer de penser que c&#8217;est \u00e7a que nous avons \u00e0 faire, d&#8217;apprendre \u00e0 nous d\u00e9brouiller avec les situations.&#8221;<\/em><\/p>\n","protected":false},"excerpt":{"rendered":"<p>Dans le cadre du Salon du Livre en Ville, Fabrice Midal a \u00e9t\u00e9 invit\u00e9 aux H\u00f4pitaux Universitaires de Gen\u00e8ve (HUG). Une conf\u00e9rence autour de ses th\u00e8mes de pr\u00e9dilection : hypersensibilit\u00e9, s\u00e9r\u00e9nit\u00e9, zenitude. Une conf\u00e9rence qui s&#8217;inscrit bien dans le chaos et les peurs v\u00e9cues lors de cette pand\u00e9mie et particuli\u00e8rement aux HUG. Int\u00e9ressant, de belles [&hellip;]<\/p>\n","protected":false},"author":1,"featured_media":8664,"comment_status":"closed","ping_status":"open","sticky":false,"template":"","format":"standard","meta":{"_jetpack_newsletter_access":"","_jetpack_dont_email_post_to_subs":false,"_jetpack_newsletter_tier_id":0,"_jetpack_memberships_contains_paywalled_content":false,"_jetpack_feature_clip_id":0,"_jetpack_memberships_contains_paid_content":false,"footnotes":"","jetpack_post_was_ever_published":false},"categories":[96],"tags":[171,51,13],"class_list":["post-8644","post","type-post","status-publish","format-standard","has-post-thumbnail","hentry","category-conferences","tag-emotions","tag-identity","tag-resilience"],"jetpack_sharing_enabled":true,"jetpack_featured_media_url":"https:\/\/i0.wp.com\/redheadwithabrain.ch\/wp-content\/uploads\/2022\/01\/taylor-smith-mpHiSZS2-Yo-unsplash-scaled.jpg?fit=1958%2C2560&ssl=1","_links":{"self":[{"href":"https:\/\/redheadwithabrain.ch\/index.php\/wp-json\/wp\/v2\/posts\/8644","targetHints":{"allow":["GET"]}}],"collection":[{"href":"https:\/\/redheadwithabrain.ch\/index.php\/wp-json\/wp\/v2\/posts"}],"about":[{"href":"https:\/\/redheadwithabrain.ch\/index.php\/wp-json\/wp\/v2\/types\/post"}],"author":[{"embeddable":true,"href":"https:\/\/redheadwithabrain.ch\/index.php\/wp-json\/wp\/v2\/users\/1"}],"replies":[{"embeddable":true,"href":"https:\/\/redheadwithabrain.ch\/index.php\/wp-json\/wp\/v2\/comments?post=8644"}],"version-history":[{"count":6,"href":"https:\/\/redheadwithabrain.ch\/index.php\/wp-json\/wp\/v2\/posts\/8644\/revisions"}],"predecessor-version":[{"id":8911,"href":"https:\/\/redheadwithabrain.ch\/index.php\/wp-json\/wp\/v2\/posts\/8644\/revisions\/8911"}],"wp:featuredmedia":[{"embeddable":true,"href":"https:\/\/redheadwithabrain.ch\/index.php\/wp-json\/wp\/v2\/media\/8664"}],"wp:attachment":[{"href":"https:\/\/redheadwithabrain.ch\/index.php\/wp-json\/wp\/v2\/media?parent=8644"}],"wp:term":[{"taxonomy":"category","embeddable":true,"href":"https:\/\/redheadwithabrain.ch\/index.php\/wp-json\/wp\/v2\/categories?post=8644"},{"taxonomy":"post_tag","embeddable":true,"href":"https:\/\/redheadwithabrain.ch\/index.php\/wp-json\/wp\/v2\/tags?post=8644"}],"curies":[{"name":"wp","href":"https:\/\/api.w.org\/{rel}","templated":true}]}}