{"id":8818,"date":"2022-02-04T14:14:00","date_gmt":"2022-02-04T13:14:00","guid":{"rendered":"https:\/\/redheadwithabrain.ch\/?p=8818"},"modified":"2022-02-06T15:06:55","modified_gmt":"2022-02-06T14:06:55","slug":"et-nos-lendemains-seront-radieux-herve-bourhis-2019","status":"publish","type":"post","link":"https:\/\/redheadwithabrain.ch\/index.php\/2022\/02\/04\/et-nos-lendemains-seront-radieux-herve-bourhis-2019\/","title":{"rendered":"Et nos lendemains seront radieux &#8211; Herv\u00e9 Bourhis (2019)"},"content":{"rendered":"\n<p class=\"wp-block-paragraph\">Deux enfants \u00e9lev\u00e9s par leur p\u00e8re activiste \u00e9cologique deviennent de jeunes adultes impliqu\u00e9s en politique.  Sylvain, le fr\u00e8re, est proche de la pr\u00e9sidente. Un soir, avec sa s\u0153ur, il prend la pr\u00e9sidente en otage et essaye de la gagner \u00e0 leur cause. Mais tout tourne mal. Un tr\u00e8s beau dessin avec une palette de couleur limit\u00e9e qui exacerbe les ambiances. Une histoire d&#8217;actualit\u00e9.<\/p>\n\n\n\n<p class=\"wp-block-paragraph\"><em>&#8220;Un sourcil soulign\u00e9. Un vendredi noir. Une corde pour se pendre&#8230; Parce que leur d\u00e9go\u00fbt du bonheur v\u00e9ritable nous condamne \u00e0 la rage&#8230; A d\u00e9crocher la lune, mais l&#8217;\u00e9cume aux l\u00e8vres&#8230; Plus rien ne pourra na\u00eetre de leurs c\u0153urs putr\u00e9fi\u00e9s&#8230; De leur d\u00e9sirs mort-n\u00e9s. Mais parce que l&#8217;espoir s&#8217;est lev\u00e9&#8230; Parce que nous avons en nous la force infinie de l&#8217;amour&#8230; Nous avons la certitude que le monde de pacotille que nous vomissons est mort ce matin&#8230; Et que nos lendemains seront radieux.&#8221;<\/em><\/p>\n\n\n\n<figure class=\"wp-block-image size-large is-style-default\"><img data-recalc-dims=\"1\" loading=\"lazy\" decoding=\"async\" width=\"1024\" height=\"640\" src=\"https:\/\/i0.wp.com\/redheadwithabrain.ch\/wp-content\/uploads\/2022\/02\/20220206_142054_3.jpg?resize=1024%2C640&#038;ssl=1\" alt=\"\" class=\"wp-image-8824\" srcset=\"https:\/\/i0.wp.com\/redheadwithabrain.ch\/wp-content\/uploads\/2022\/02\/20220206_142054_3.jpg?resize=1024%2C640&amp;ssl=1 1024w, https:\/\/i0.wp.com\/redheadwithabrain.ch\/wp-content\/uploads\/2022\/02\/20220206_142054_3.jpg?resize=300%2C187&amp;ssl=1 300w, https:\/\/i0.wp.com\/redheadwithabrain.ch\/wp-content\/uploads\/2022\/02\/20220206_142054_3.jpg?resize=768%2C480&amp;ssl=1 768w, https:\/\/i0.wp.com\/redheadwithabrain.ch\/wp-content\/uploads\/2022\/02\/20220206_142054_3.jpg?resize=1536%2C960&amp;ssl=1 1536w, https:\/\/i0.wp.com\/redheadwithabrain.ch\/wp-content\/uploads\/2022\/02\/20220206_142054_3.jpg?resize=2048%2C1280&amp;ssl=1 2048w\" sizes=\"auto, (max-width: 1000px) 100vw, 1000px\" \/><\/figure>\n","protected":false},"excerpt":{"rendered":"<p>Deux enfants \u00e9lev\u00e9s par leur p\u00e8re activiste \u00e9cologique deviennent de jeunes adultes impliqu\u00e9s en politique. Sylvain, le fr\u00e8re, est proche de la pr\u00e9sidente. Un soir, avec sa s\u0153ur, il prend la pr\u00e9sidente en otage et essaye de la gagner \u00e0 leur cause. Mais tout tourne mal. Un tr\u00e8s beau dessin avec une palette de couleur [&hellip;]<\/p>\n","protected":false},"author":1,"featured_media":8821,"comment_status":"closed","ping_status":"open","sticky":false,"template":"","format":"standard","meta":{"_jetpack_newsletter_access":"","_jetpack_dont_email_post_to_subs":false,"_jetpack_newsletter_tier_id":0,"_jetpack_memberships_contains_paywalled_content":false,"_jetpack_feature_clip_id":0,"_jetpack_memberships_contains_paid_content":false,"footnotes":"","jetpack_post_was_ever_published":false},"categories":[160],"tags":[30,74,19],"class_list":["post-8818","post","type-post","status-publish","format-standard","has-post-thumbnail","hentry","category-graphic-2022","tag-activism","tag-environment","tag-love"],"jetpack_sharing_enabled":true,"jetpack_featured_media_url":"https:\/\/i0.wp.com\/redheadwithabrain.ch\/wp-content\/uploads\/2022\/02\/aaron-burden-2xhOYKK-jAM-unsplash-scaled.jpg?fit=1927%2C2560&ssl=1","_links":{"self":[{"href":"https:\/\/redheadwithabrain.ch\/index.php\/wp-json\/wp\/v2\/posts\/8818","targetHints":{"allow":["GET"]}}],"collection":[{"href":"https:\/\/redheadwithabrain.ch\/index.php\/wp-json\/wp\/v2\/posts"}],"about":[{"href":"https:\/\/redheadwithabrain.ch\/index.php\/wp-json\/wp\/v2\/types\/post"}],"author":[{"embeddable":true,"href":"https:\/\/redheadwithabrain.ch\/index.php\/wp-json\/wp\/v2\/users\/1"}],"replies":[{"embeddable":true,"href":"https:\/\/redheadwithabrain.ch\/index.php\/wp-json\/wp\/v2\/comments?post=8818"}],"version-history":[{"count":5,"href":"https:\/\/redheadwithabrain.ch\/index.php\/wp-json\/wp\/v2\/posts\/8818\/revisions"}],"predecessor-version":[{"id":8827,"href":"https:\/\/redheadwithabrain.ch\/index.php\/wp-json\/wp\/v2\/posts\/8818\/revisions\/8827"}],"wp:featuredmedia":[{"embeddable":true,"href":"https:\/\/redheadwithabrain.ch\/index.php\/wp-json\/wp\/v2\/media\/8821"}],"wp:attachment":[{"href":"https:\/\/redheadwithabrain.ch\/index.php\/wp-json\/wp\/v2\/media?parent=8818"}],"wp:term":[{"taxonomy":"category","embeddable":true,"href":"https:\/\/redheadwithabrain.ch\/index.php\/wp-json\/wp\/v2\/categories?post=8818"},{"taxonomy":"post_tag","embeddable":true,"href":"https:\/\/redheadwithabrain.ch\/index.php\/wp-json\/wp\/v2\/tags?post=8818"}],"curies":[{"name":"wp","href":"https:\/\/api.w.org\/{rel}","templated":true}]}}