{"id":9134,"date":"2022-03-14T13:41:00","date_gmt":"2022-03-14T12:41:00","guid":{"rendered":"https:\/\/redheadwithabrain.ch\/?p=9134"},"modified":"2024-03-05T08:26:15","modified_gmt":"2024-03-05T07:26:15","slug":"la-ville-de-vapeur-carlos-ruiz-zafon-2020","status":"publish","type":"post","link":"https:\/\/redheadwithabrain.ch\/index.php\/2022\/03\/14\/la-ville-de-vapeur-carlos-ruiz-zafon-2020\/","title":{"rendered":"La ville de vapeur &#8211; Carlos Ruiz Zaf\u00f3n (2020)"},"content":{"rendered":"\n<p class=\"wp-block-paragraph\">Un petit recueil de nouvelles et le dernier livre de Zaf\u00f3n, d\u00e9c\u00e9d\u00e9 en 2020. On y retrouve l&#8217;atmosph\u00e8re de &#8220;L&#8217;ombre du vent&#8221;, quelque chose entre la r\u00e9alit\u00e9, avec la rencontre de Gaud\u00ec et de Cervant\u00e8s, et un monde imaginaire brumeux, gothique et parfois cruel. Plusieurs nouvelles tournent autour du th\u00e8me des livres, rares, magiques et des biblioth\u00e8ques, myst\u00e9rieuses, d\u00e9lires d&#8217;architectes, comme des labyrinthes. Un tr\u00e8s joli voyage dans le monde de Zaf\u00f3n.<\/p>\n\n\n\n<p class=\"wp-block-paragraph\"><em>&#8220;\u00c0 force d&#8217;habitude, la dame avait appris \u00e0 vivre le c\u0153ur bard\u00e9 de toiles d&#8217;araign\u00e9es, mais elle ne se r\u00e9signait pas \u00e0 r\u00e9primer le feu qui couvait au bas de son ventre et, dans une ville o\u00f9 nombreux \u00e9taient les messieurs qui aimaient traiter de saintes et de Vierges leurs \u00e9pouses et de tra\u00een\u00e9es et de racoleuses celles des autres, elle n&#8217;eut aucun mal \u00e0 trouver des amants et autres oiseaux de passage avec qui tuer l&#8217;ennui et se rappeler qu&#8217;elle \u00e9tait vivante, m\u00eame si ce n&#8217;\u00e9tait que du bas-ventre.&#8221;<\/em><\/p>\n\n\n\n<p class=\"wp-block-paragraph\" style=\"font-size:15px\"><strong><mark style=\"background-color:rgba(0, 0, 0, 0)\" class=\"has-inline-color has-colibri-color-4-color\">Contenu<\/mark><\/strong><br>Blanca et l&#8217;adieu \/ Sans nom \/ Une demoiselle de Barcelone \/ Rose de feu \/ Le Prince du Parnasse \/ Conte de No\u00ebl \/ Alicia, \u00e0 l&#8217;aube \/ Des hommes en gris \/ La femme de vapeur \/ Gaud\u00ec \u00e0 Manhattan \/ Apocalypse en deux minutes<\/p>\n\n\n\n<p class=\"wp-block-paragraph\" style=\"font-size:15px\"><strong><mark style=\"background-color:rgba(0, 0, 0, 0)\" class=\"has-inline-color has-colibri-color-4-color\">Titre original : La ciudad de vapor<\/mark><\/strong><br><strong><mark style=\"background-color:rgba(0, 0, 0, 0)\" class=\"has-inline-color has-colibri-color-4-color\">Traduit de l&#8217;espagnol<\/mark><\/strong><br><\/p>\n","protected":false},"excerpt":{"rendered":"<p>Un petit recueil de nouvelles et le dernier livre de Zaf\u00f3n, d\u00e9c\u00e9d\u00e9 en 2020. On y retrouve l&#8217;atmosph\u00e8re de &#8220;L&#8217;ombre du vent&#8221;, quelque chose entre la r\u00e9alit\u00e9, avec la rencontre de Gaud\u00ec et de Cervant\u00e8s, et un monde imaginaire brumeux, gothique et parfois cruel. Plusieurs nouvelles tournent autour du th\u00e8me des livres, rares, magiques et [&hellip;]<\/p>\n","protected":false},"author":1,"featured_media":9133,"comment_status":"closed","ping_status":"open","sticky":false,"template":"","format":"standard","meta":{"_jetpack_newsletter_access":"","_jetpack_dont_email_post_to_subs":false,"_jetpack_newsletter_tier_id":0,"_jetpack_memberships_contains_paywalled_content":false,"_jetpack_feature_clip_id":0,"_jetpack_memberships_contains_paid_content":false,"footnotes":"","jetpack_post_was_ever_published":false},"categories":[142,154],"tags":[118,24,65],"class_list":["post-9134","post","type-post","status-publish","format-standard","has-post-thumbnail","hentry","category-books-2022","category-challenge-riquiqui-2022","tag-beauty","tag-magic","tag-sadness"],"jetpack_sharing_enabled":true,"jetpack_featured_media_url":"https:\/\/i0.wp.com\/redheadwithabrain.ch\/wp-content\/uploads\/2022\/03\/ingrid-martinussen-hGXoqPOz_wI-unsplash-scaled.jpg?fit=1707%2C2560&ssl=1","_links":{"self":[{"href":"https:\/\/redheadwithabrain.ch\/index.php\/wp-json\/wp\/v2\/posts\/9134","targetHints":{"allow":["GET"]}}],"collection":[{"href":"https:\/\/redheadwithabrain.ch\/index.php\/wp-json\/wp\/v2\/posts"}],"about":[{"href":"https:\/\/redheadwithabrain.ch\/index.php\/wp-json\/wp\/v2\/types\/post"}],"author":[{"embeddable":true,"href":"https:\/\/redheadwithabrain.ch\/index.php\/wp-json\/wp\/v2\/users\/1"}],"replies":[{"embeddable":true,"href":"https:\/\/redheadwithabrain.ch\/index.php\/wp-json\/wp\/v2\/comments?post=9134"}],"version-history":[{"count":10,"href":"https:\/\/redheadwithabrain.ch\/index.php\/wp-json\/wp\/v2\/posts\/9134\/revisions"}],"predecessor-version":[{"id":14849,"href":"https:\/\/redheadwithabrain.ch\/index.php\/wp-json\/wp\/v2\/posts\/9134\/revisions\/14849"}],"wp:featuredmedia":[{"embeddable":true,"href":"https:\/\/redheadwithabrain.ch\/index.php\/wp-json\/wp\/v2\/media\/9133"}],"wp:attachment":[{"href":"https:\/\/redheadwithabrain.ch\/index.php\/wp-json\/wp\/v2\/media?parent=9134"}],"wp:term":[{"taxonomy":"category","embeddable":true,"href":"https:\/\/redheadwithabrain.ch\/index.php\/wp-json\/wp\/v2\/categories?post=9134"},{"taxonomy":"post_tag","embeddable":true,"href":"https:\/\/redheadwithabrain.ch\/index.php\/wp-json\/wp\/v2\/tags?post=9134"}],"curies":[{"name":"wp","href":"https:\/\/api.w.org\/{rel}","templated":true}]}}