{"id":9369,"date":"2022-03-26T13:49:00","date_gmt":"2022-03-26T12:49:00","guid":{"rendered":"https:\/\/redheadwithabrain.ch\/?p=9369"},"modified":"2022-04-03T15:16:25","modified_gmt":"2022-04-03T13:16:25","slug":"polina-bastien-vives-2011","status":"publish","type":"post","link":"https:\/\/redheadwithabrain.ch\/index.php\/2022\/03\/26\/polina-bastien-vives-2011\/","title":{"rendered":"Polina &#8211; Bastien Viv\u00e8s (2011)"},"content":{"rendered":"\n<p class=\"wp-block-paragraph\">Polina, petite fille de six ans, sera choisie pour entrer \u00e0 l&#8217;\u00e9cole d&#8217;un grand ma\u00eetre, Nikita Bojinski. Elle y dansera plusieurs ann\u00e9es, sous le regard de ce ma\u00eetre s\u00e9v\u00e8re et exigeant. Elle le quittera, deviendra une grande star de danse contemporaine, mais reviendra vers cet homme qui lui a tout appris. Jolie tranche de vie d&#8217;une danseuse. L&#8217;histoire est sans surprise, mais le dessin tout en noir et blanc est magnifique pour rendre les mouvements souples et fluides d&#8217;une danseuse. Tr\u00e8s joli.<\/p>\n\n\n\n<p class=\"wp-block-paragraph\"><em>&#8220;Il faut vous \u00e9tirer, Polina. Votre corps doit \u00eatre au-dessus de tout, et votre regard infini. Il ne sert \u00e0 rien d&#8217;aller le plus haut possible si on ne prend pas le temps de contempler. Alors quand vous \u00eates en haut, prenez votre temps. Le regard, Polina ! Contemplez !&#8221;<\/em><\/p>\n\n\n\n<figure class=\"wp-block-image size-full is-style-default\"><img data-recalc-dims=\"1\" loading=\"lazy\" decoding=\"async\" width=\"2560\" height=\"1431\" src=\"https:\/\/i0.wp.com\/redheadwithabrain.ch\/wp-content\/uploads\/2022\/03\/20220327_1927342-scaled.jpg?resize=2560%2C1431&#038;ssl=1\" alt=\"\" class=\"wp-image-9378\" srcset=\"https:\/\/i0.wp.com\/redheadwithabrain.ch\/wp-content\/uploads\/2022\/03\/20220327_1927342-scaled.jpg?w=2560&amp;ssl=1 2560w, https:\/\/i0.wp.com\/redheadwithabrain.ch\/wp-content\/uploads\/2022\/03\/20220327_1927342-scaled.jpg?resize=300%2C168&amp;ssl=1 300w, https:\/\/i0.wp.com\/redheadwithabrain.ch\/wp-content\/uploads\/2022\/03\/20220327_1927342-scaled.jpg?resize=1024%2C572&amp;ssl=1 1024w, https:\/\/i0.wp.com\/redheadwithabrain.ch\/wp-content\/uploads\/2022\/03\/20220327_1927342-scaled.jpg?resize=768%2C429&amp;ssl=1 768w, https:\/\/i0.wp.com\/redheadwithabrain.ch\/wp-content\/uploads\/2022\/03\/20220327_1927342-scaled.jpg?resize=1536%2C859&amp;ssl=1 1536w, https:\/\/i0.wp.com\/redheadwithabrain.ch\/wp-content\/uploads\/2022\/03\/20220327_1927342-scaled.jpg?resize=2048%2C1145&amp;ssl=1 2048w\" sizes=\"auto, (max-width: 1000px) 100vw, 1000px\" \/><\/figure>\n","protected":false},"excerpt":{"rendered":"<p>Polina, petite fille de six ans, sera choisie pour entrer \u00e0 l&#8217;\u00e9cole d&#8217;un grand ma\u00eetre, Nikita Bojinski. Elle y dansera plusieurs ann\u00e9es, sous le regard de ce ma\u00eetre s\u00e9v\u00e8re et exigeant. Elle le quittera, deviendra une grande star de danse contemporaine, mais reviendra vers cet homme qui lui a tout appris. Jolie tranche de vie [&hellip;]<\/p>\n","protected":false},"author":1,"featured_media":9370,"comment_status":"closed","ping_status":"open","sticky":false,"template":"","format":"standard","meta":{"_jetpack_newsletter_access":"","_jetpack_dont_email_post_to_subs":false,"_jetpack_newsletter_tier_id":0,"_jetpack_memberships_contains_paywalled_content":false,"_jetpack_feature_clip_id":0,"_jetpack_memberships_contains_paid_content":false,"footnotes":"","jetpack_post_was_ever_published":false},"categories":[160],"tags":[67,51,99],"class_list":["post-9369","post","type-post","status-publish","format-standard","has-post-thumbnail","hentry","category-graphic-2022","tag-creativity","tag-identity","tag-relationships"],"jetpack_sharing_enabled":true,"jetpack_featured_media_url":"https:\/\/i0.wp.com\/redheadwithabrain.ch\/wp-content\/uploads\/2022\/04\/nihal-demirci-erenay-UYG1U5wj3Tk-unsplash-scaled-e1648990017307.jpg?fit=2560%2C1523&ssl=1","_links":{"self":[{"href":"https:\/\/redheadwithabrain.ch\/index.php\/wp-json\/wp\/v2\/posts\/9369","targetHints":{"allow":["GET"]}}],"collection":[{"href":"https:\/\/redheadwithabrain.ch\/index.php\/wp-json\/wp\/v2\/posts"}],"about":[{"href":"https:\/\/redheadwithabrain.ch\/index.php\/wp-json\/wp\/v2\/types\/post"}],"author":[{"embeddable":true,"href":"https:\/\/redheadwithabrain.ch\/index.php\/wp-json\/wp\/v2\/users\/1"}],"replies":[{"embeddable":true,"href":"https:\/\/redheadwithabrain.ch\/index.php\/wp-json\/wp\/v2\/comments?post=9369"}],"version-history":[{"count":3,"href":"https:\/\/redheadwithabrain.ch\/index.php\/wp-json\/wp\/v2\/posts\/9369\/revisions"}],"predecessor-version":[{"id":9379,"href":"https:\/\/redheadwithabrain.ch\/index.php\/wp-json\/wp\/v2\/posts\/9369\/revisions\/9379"}],"wp:featuredmedia":[{"embeddable":true,"href":"https:\/\/redheadwithabrain.ch\/index.php\/wp-json\/wp\/v2\/media\/9370"}],"wp:attachment":[{"href":"https:\/\/redheadwithabrain.ch\/index.php\/wp-json\/wp\/v2\/media?parent=9369"}],"wp:term":[{"taxonomy":"category","embeddable":true,"href":"https:\/\/redheadwithabrain.ch\/index.php\/wp-json\/wp\/v2\/categories?post=9369"},{"taxonomy":"post_tag","embeddable":true,"href":"https:\/\/redheadwithabrain.ch\/index.php\/wp-json\/wp\/v2\/tags?post=9369"}],"curies":[{"name":"wp","href":"https:\/\/api.w.org\/{rel}","templated":true}]}}