{"id":9385,"date":"2022-04-02T15:52:00","date_gmt":"2022-04-02T13:52:00","guid":{"rendered":"https:\/\/redheadwithabrain.ch\/?p=9385"},"modified":"2022-04-04T21:11:15","modified_gmt":"2022-04-04T19:11:15","slug":"hommage-a-bela-bartok-concert-n3-lunivers-bartok-le-macrocosme-conservatoire-populaire-de-musique-de-geneve-2022","status":"publish","type":"post","link":"https:\/\/redheadwithabrain.ch\/index.php\/2022\/04\/02\/hommage-a-bela-bartok-concert-n3-lunivers-bartok-le-macrocosme-conservatoire-populaire-de-musique-de-geneve-2022\/","title":{"rendered":"Hommage \u00e0 B\u00e9la Bart\u00f3k. Concert n\u00b03. L\u2019univers Bart\u00f3k Le Macrocosme &#8211; Conservatoire populaire de musique de Gen\u00e8ve (2022)"},"content":{"rendered":"\n<p class=\"wp-block-paragraph\">B\u00e9la Bart\u00f3k (1881-1945) est un musicien hongrois qui viendra d\u00e9ranger la structure classique de la musique et fera beaucoup de recherche pour d\u00e9velopper des sonorit\u00e9s nouvelles. Ce concert a rassembl\u00e9 des pianistes, des accord\u00e9onistes, des chanteurs et un magnifique marimba pour proposer quelques morceaux de Bart\u00f3k et notamment une partie de son Mikrokosmos, un ensemble didactique de 153 pi\u00e8ces pour piano. Ce projet est n\u00e9 de la collaboration entre les \u00e9l\u00e8ves du d\u00e9canat de piano et accord\u00e9on, des classes de formation musicale, langage musical et percussion. Des jeunes qui se sont investis depuis des mois et qui pr\u00e9sentent des morceaux jou\u00e9s avec brios. M\u00eame si la musique de Bart\u00f3k est un peu trop dissonante pour mes oreilles, c&#8217;est toujours tr\u00e8s touchant de voir ces jeunes \u00e0 l&#8217;\u0153uvre. <\/p>\n\n\n\n<p class=\"wp-block-paragraph\"><em>&#8220;\u00c8rdeu, \u00e8rdeu d\u00e8 mogoch o t\u00e8t\u00e8i\u00e8, io\u00ef d\u00e8 r\u00e9gu\u00e8n l\u00e8houlott o l\u00e8v\u00e8l\u00e8 io\u00ef d\u00ea r\u00e9gu\u00e8n l\u00e8houlott o l\u00e8v\u00e8l\u00e8 arvo modar pariat k\u00e8r\u00e8chi b\u00e8nn\u00e8&#8221;<\/em><\/p>\n","protected":false},"excerpt":{"rendered":"<p>B\u00e9la Bart\u00f3k (1881-1945) est un musicien hongrois qui viendra d\u00e9ranger la structure classique de la musique et fera beaucoup de recherche pour d\u00e9velopper des sonorit\u00e9s nouvelles. Ce concert a rassembl\u00e9 des pianistes, des accord\u00e9onistes, des chanteurs et un magnifique marimba pour proposer quelques morceaux de Bart\u00f3k et notamment une partie de son Mikrokosmos, un ensemble [&hellip;]<\/p>\n","protected":false},"author":1,"featured_media":9406,"comment_status":"closed","ping_status":"open","sticky":false,"template":"","format":"standard","meta":{"_jetpack_newsletter_access":"","_jetpack_dont_email_post_to_subs":false,"_jetpack_newsletter_tier_id":0,"_jetpack_memberships_contains_paywalled_content":false,"_jetpack_feature_clip_id":0,"_jetpack_memberships_contains_paid_content":false,"footnotes":"","jetpack_post_was_ever_published":false},"categories":[3],"tags":[42,67,113],"class_list":["post-9385","post","type-post","status-publish","format-standard","has-post-thumbnail","hentry","category-concerts","tag-childhood","tag-creativity","tag-music"],"jetpack_sharing_enabled":true,"jetpack_featured_media_url":"https:\/\/i0.wp.com\/redheadwithabrain.ch\/wp-content\/uploads\/2022\/04\/shutterstock_1691839939-scaled.jpg?fit=2560%2C1085&ssl=1","_links":{"self":[{"href":"https:\/\/redheadwithabrain.ch\/index.php\/wp-json\/wp\/v2\/posts\/9385","targetHints":{"allow":["GET"]}}],"collection":[{"href":"https:\/\/redheadwithabrain.ch\/index.php\/wp-json\/wp\/v2\/posts"}],"about":[{"href":"https:\/\/redheadwithabrain.ch\/index.php\/wp-json\/wp\/v2\/types\/post"}],"author":[{"embeddable":true,"href":"https:\/\/redheadwithabrain.ch\/index.php\/wp-json\/wp\/v2\/users\/1"}],"replies":[{"embeddable":true,"href":"https:\/\/redheadwithabrain.ch\/index.php\/wp-json\/wp\/v2\/comments?post=9385"}],"version-history":[{"count":2,"href":"https:\/\/redheadwithabrain.ch\/index.php\/wp-json\/wp\/v2\/posts\/9385\/revisions"}],"predecessor-version":[{"id":9388,"href":"https:\/\/redheadwithabrain.ch\/index.php\/wp-json\/wp\/v2\/posts\/9385\/revisions\/9388"}],"wp:featuredmedia":[{"embeddable":true,"href":"https:\/\/redheadwithabrain.ch\/index.php\/wp-json\/wp\/v2\/media\/9406"}],"wp:attachment":[{"href":"https:\/\/redheadwithabrain.ch\/index.php\/wp-json\/wp\/v2\/media?parent=9385"}],"wp:term":[{"taxonomy":"category","embeddable":true,"href":"https:\/\/redheadwithabrain.ch\/index.php\/wp-json\/wp\/v2\/categories?post=9385"},{"taxonomy":"post_tag","embeddable":true,"href":"https:\/\/redheadwithabrain.ch\/index.php\/wp-json\/wp\/v2\/tags?post=9385"}],"curies":[{"name":"wp","href":"https:\/\/api.w.org\/{rel}","templated":true}]}}