{"id":9391,"date":"2022-03-10T21:40:00","date_gmt":"2022-03-10T20:40:00","guid":{"rendered":"https:\/\/redheadwithabrain.ch\/?p=9391"},"modified":"2024-02-28T16:42:59","modified_gmt":"2024-02-28T15:42:59","slug":"six-pieds-sur-terre-troisieme-serie-quelles-villes-pour-demain-courrier-international-afd-2022","status":"publish","type":"post","link":"https:\/\/redheadwithabrain.ch\/index.php\/2022\/03\/10\/six-pieds-sur-terre-troisieme-serie-quelles-villes-pour-demain-courrier-international-afd-2022\/","title":{"rendered":"Six pieds sur Terre \u2013 Troisi\u00e8me s\u00e9rie : Quelles villes pour demain ? \u2013 Courrier international &#038; AFD (2022)"},"content":{"rendered":"\n<p class=\"wp-block-paragraph\">Un podcast qui regarde nos villes, comment elles vont s&#8217;adapter, \u00eatre plus vivantes et vivables. Un \u00e9pisode avec le dessinateur Fran\u00e7ois Schuiten qui cr\u00e9e des villes utopiques et dystopiques dans ses bandes dessin\u00e9es. La beaut\u00e9 de la solidarit\u00e9 qui s&#8217;est d\u00e9velopp\u00e9e ces deux derni\u00e8res ann\u00e9es dans les favelas qui ont l&#8217;habitude de se d\u00e9brouiller seules. La m\u00e9gapole de Jakarta qui risque de disparaitre sous l&#8217;eau et un voyage sonore au Japon avec Fran\u00e7ois Tristano qui se demande si le concept de ville n&#8217;est pas d\u00e9pass\u00e9. J&#8217;ai particuli\u00e8rement aim\u00e9 l&#8217;\u00e9pisode sur le genre d&#8217;une ville.<\/p>\n\n\n\n<p class=\"wp-block-paragraph\"><em>&#8220;On peut citer, par exemple, des bancs publiques. Les bancs publiques, comme les toilettes publiques d&#8217;ailleurs, sont deux \u00e9quipements qui disparaissent ou sont assez rares dans l&#8217;espace publique parce qu&#8217;on n&#8217;a pas envie d&#8217;accueillir des personnes un peu en marges ou avec des pratiques qu&#8217;on va estimer \u00eatre d\u00e9viantes. Et donc pour r\u00e9gler ces probl\u00e8mes-l\u00e0, on va enlever les toilettes publiques et on va enlever les bancs. Sauf que \u00e7a pose un r\u00e9el probl\u00e8me si on est une personne \u00e2g\u00e9e. \u00c7a permet de dire que la majorit\u00e9 des vieux sont des vieilles. Quand on est une personne \u00e2g\u00e9e, ben souvent on a du mal \u00e0 se d\u00e9placer, parce que voil\u00e0, on est un peu plus fatigu\u00e9s, parce qu&#8217;on a des fonctions physiques qui peuvent \u00eatre un peu emp\u00each\u00e9es et puis l&#8217;autre chose c&#8217;est que quand on vieillit les fonctions de vessie se r\u00e9duisent aussi et donc \u00e0 un moment donn\u00e9 il faut avoir acc\u00e8s \u00e0 des toilettes. Et avoir acc\u00e8s \u00e0 des toilettes s&#8217;il n&#8217;y a plus de toilettes publiques, \u00e7a veut dire qu&#8217;il faut avoir acc\u00e8s \u00e0 un caf\u00e9, donc il faut payer pour pouvoir se d\u00e9placer dans l&#8217;espace publique en ayant l&#8217;assurance qu&#8217;\u00e0 un moment donn\u00e9 on va pouvoir aller aux toilettes.&#8221; <\/em><\/p>\n\n\n\n<p class=\"wp-block-paragraph\" style=\"font-size:15px\"><strong><mark style=\"background-color:rgba(0, 0, 0, 0)\" class=\"has-inline-color has-colibri-color-4-color\">Cinq \u00e9pisodes d&#8217;environ 10 minutes chacun<\/mark><\/strong><\/p>\n\n\n\n<p class=\"wp-block-paragraph\" style=\"font-size:15px\">\u00c9pisode 1. De Paris \u00e0 Bruxelles, les folles utopies de Fran\u00e7ois Schuiten<br>\u00c9pisode 2. Des villes pour toutes et tous, par Corinne Luxembourg<br>\u00c9pisode 3. Les favelas de Rio, vivantes et cr\u00e9atives, avec Rafael Soarez Gon\u00e7alves<br>\u00c9pisode 4. Jakarta sous les eaux, par Christine Cabasset<br>\u00c9pisode 5. Balades sonores \u00e0 Tokyo, avec Francesca Tristano<br><\/p>\n","protected":false},"excerpt":{"rendered":"<p>Un podcast qui regarde nos villes, comment elles vont s&#8217;adapter, \u00eatre plus vivantes et vivables. Un \u00e9pisode avec le dessinateur Fran\u00e7ois Schuiten qui cr\u00e9e des villes utopiques et dystopiques dans ses bandes dessin\u00e9es. La beaut\u00e9 de la solidarit\u00e9 qui s&#8217;est d\u00e9velopp\u00e9e ces deux derni\u00e8res ann\u00e9es dans les favelas qui ont l&#8217;habitude de se d\u00e9brouiller seules. [&hellip;]<\/p>\n","protected":false},"author":1,"featured_media":9401,"comment_status":"closed","ping_status":"open","sticky":false,"template":"","format":"standard","meta":{"_jetpack_newsletter_access":"","_jetpack_dont_email_post_to_subs":false,"_jetpack_newsletter_tier_id":0,"_jetpack_memberships_contains_paywalled_content":false,"_jetpack_feature_clip_id":0,"_jetpack_memberships_contains_paid_content":false,"footnotes":"","jetpack_post_was_ever_published":false},"categories":[76],"tags":[74,36,97],"class_list":["post-9391","post","type-post","status-publish","format-standard","has-post-thumbnail","hentry","category-podcasts","tag-environment","tag-friendship","tag-gender"],"jetpack_sharing_enabled":true,"jetpack_featured_media_url":"https:\/\/i0.wp.com\/redheadwithabrain.ch\/wp-content\/uploads\/2022\/04\/pedro-lastra-Nyvq2juw4_o-unsplash-scaled.jpg?fit=2560%2C1574&ssl=1","_links":{"self":[{"href":"https:\/\/redheadwithabrain.ch\/index.php\/wp-json\/wp\/v2\/posts\/9391","targetHints":{"allow":["GET"]}}],"collection":[{"href":"https:\/\/redheadwithabrain.ch\/index.php\/wp-json\/wp\/v2\/posts"}],"about":[{"href":"https:\/\/redheadwithabrain.ch\/index.php\/wp-json\/wp\/v2\/types\/post"}],"author":[{"embeddable":true,"href":"https:\/\/redheadwithabrain.ch\/index.php\/wp-json\/wp\/v2\/users\/1"}],"replies":[{"embeddable":true,"href":"https:\/\/redheadwithabrain.ch\/index.php\/wp-json\/wp\/v2\/comments?post=9391"}],"version-history":[{"count":7,"href":"https:\/\/redheadwithabrain.ch\/index.php\/wp-json\/wp\/v2\/posts\/9391\/revisions"}],"predecessor-version":[{"id":14665,"href":"https:\/\/redheadwithabrain.ch\/index.php\/wp-json\/wp\/v2\/posts\/9391\/revisions\/14665"}],"wp:featuredmedia":[{"embeddable":true,"href":"https:\/\/redheadwithabrain.ch\/index.php\/wp-json\/wp\/v2\/media\/9401"}],"wp:attachment":[{"href":"https:\/\/redheadwithabrain.ch\/index.php\/wp-json\/wp\/v2\/media?parent=9391"}],"wp:term":[{"taxonomy":"category","embeddable":true,"href":"https:\/\/redheadwithabrain.ch\/index.php\/wp-json\/wp\/v2\/categories?post=9391"},{"taxonomy":"post_tag","embeddable":true,"href":"https:\/\/redheadwithabrain.ch\/index.php\/wp-json\/wp\/v2\/tags?post=9391"}],"curies":[{"name":"wp","href":"https:\/\/api.w.org\/{rel}","templated":true}]}}