{"id":9424,"date":"2022-03-26T14:11:00","date_gmt":"2022-03-26T13:11:00","guid":{"rendered":"https:\/\/redheadwithabrain.ch\/?p=9424"},"modified":"2022-04-05T14:23:20","modified_gmt":"2022-04-05T12:23:20","slug":"voix-denfants-a-travers-les-siecles-eglise-dhermance-2022","status":"publish","type":"post","link":"https:\/\/redheadwithabrain.ch\/index.php\/2022\/03\/26\/voix-denfants-a-travers-les-siecles-eglise-dhermance-2022\/","title":{"rendered":"Voix d&#8217;enfants \u00e0 travers les si\u00e8cles &#8211; Eglise d&#8217;Hermance (2022)"},"content":{"rendered":"\n<p class=\"wp-block-paragraph\">La Ma\u00eetrise des enfants du conservatoire populaire et l&#8217;Association des orgues d&#8217;Hermance ont chant\u00e9 et jou\u00e9 quelques pi\u00e8ces de Perotin, Purcell, Scheidt, Buxtehude et Sweelinck dans la belle \u00e9glise d&#8217;Hermance. Des solos d&#8217;enfants et quelques voix incroyables. Des instruments \u00e9galement un peu diff\u00e9rents, des fl\u00fbtes un peu tordues appel\u00e9es cornets, des saqueboutes (anc\u00eatre du trombone) et deux violones (grandes violes). Finalement, la musique \u00e9tait assez peu \u00e0 travers les si\u00e8cles, coinc\u00e9e entre le XVI<sup>e<\/sup> et le XVIII<sup>e<\/sup>, mais les enfants ont termin\u00e9 avec une chanson d&#8217;un autre temps, Dizdizka zeruan d&#8217;Eva Ugalde, qui est tellement joli.<\/p>\n\n\n\n<p class=\"wp-block-paragraph\"><em>O Jesu nomen dulce<\/em><br><em>Nomen admirabile Quam Jesus Dei filius.<\/em><br><em>Nomen confortans<\/em><br><em>Quid enim canitur suavius<\/em><br><em>Quid auditur jucundius Quid cogitatur dulcius<\/em><br><em>O nomen Jesu, verus animae cibus<\/em><br><em>In ore mel, in aure melos,<\/em><br><em>in corde laetitia mea<\/em><br><em>Tuum itaque nomen, dulcissime Jesu, <\/em><br><em>in aeternum in-ore meo portabo<\/em>.<\/p>\n","protected":false},"excerpt":{"rendered":"<p>La Ma\u00eetrise des enfants du conservatoire populaire et l&#8217;Association des orgues d&#8217;Hermance ont chant\u00e9 et jou\u00e9 quelques pi\u00e8ces de Perotin, Purcell, Scheidt, Buxtehude et Sweelinck dans la belle \u00e9glise d&#8217;Hermance. Des solos d&#8217;enfants et quelques voix incroyables. Des instruments \u00e9galement un peu diff\u00e9rents, des fl\u00fbtes un peu tordues appel\u00e9es cornets, des saqueboutes (anc\u00eatre du trombone) [&hellip;]<\/p>\n","protected":false},"author":1,"featured_media":9425,"comment_status":"closed","ping_status":"open","sticky":false,"template":"","format":"standard","meta":{"_jetpack_newsletter_access":"","_jetpack_dont_email_post_to_subs":false,"_jetpack_newsletter_tier_id":0,"_jetpack_memberships_contains_paywalled_content":false,"_jetpack_feature_clip_id":0,"_jetpack_memberships_contains_paid_content":false,"footnotes":"","jetpack_post_was_ever_published":false},"categories":[3],"tags":[42,105,113],"class_list":["post-9424","post","type-post","status-publish","format-standard","has-post-thumbnail","hentry","category-concerts","tag-childhood","tag-joy","tag-music"],"jetpack_sharing_enabled":true,"jetpack_featured_media_url":"https:\/\/i0.wp.com\/redheadwithabrain.ch\/wp-content\/uploads\/2022\/04\/jenny-marvin-u3py_1Tcnuc-unsplash-scaled.jpg?fit=2560%2C1707&ssl=1","_links":{"self":[{"href":"https:\/\/redheadwithabrain.ch\/index.php\/wp-json\/wp\/v2\/posts\/9424","targetHints":{"allow":["GET"]}}],"collection":[{"href":"https:\/\/redheadwithabrain.ch\/index.php\/wp-json\/wp\/v2\/posts"}],"about":[{"href":"https:\/\/redheadwithabrain.ch\/index.php\/wp-json\/wp\/v2\/types\/post"}],"author":[{"embeddable":true,"href":"https:\/\/redheadwithabrain.ch\/index.php\/wp-json\/wp\/v2\/users\/1"}],"replies":[{"embeddable":true,"href":"https:\/\/redheadwithabrain.ch\/index.php\/wp-json\/wp\/v2\/comments?post=9424"}],"version-history":[{"count":3,"href":"https:\/\/redheadwithabrain.ch\/index.php\/wp-json\/wp\/v2\/posts\/9424\/revisions"}],"predecessor-version":[{"id":9428,"href":"https:\/\/redheadwithabrain.ch\/index.php\/wp-json\/wp\/v2\/posts\/9424\/revisions\/9428"}],"wp:featuredmedia":[{"embeddable":true,"href":"https:\/\/redheadwithabrain.ch\/index.php\/wp-json\/wp\/v2\/media\/9425"}],"wp:attachment":[{"href":"https:\/\/redheadwithabrain.ch\/index.php\/wp-json\/wp\/v2\/media?parent=9424"}],"wp:term":[{"taxonomy":"category","embeddable":true,"href":"https:\/\/redheadwithabrain.ch\/index.php\/wp-json\/wp\/v2\/categories?post=9424"},{"taxonomy":"post_tag","embeddable":true,"href":"https:\/\/redheadwithabrain.ch\/index.php\/wp-json\/wp\/v2\/tags?post=9424"}],"curies":[{"name":"wp","href":"https:\/\/api.w.org\/{rel}","templated":true}]}}