{"id":9521,"date":"2022-04-20T18:40:00","date_gmt":"2022-04-20T16:40:00","guid":{"rendered":"https:\/\/redheadwithabrain.ch\/?p=9521"},"modified":"2022-04-23T15:14:49","modified_gmt":"2022-04-23T13:14:49","slug":"museo-del-vetro-murano-2022","status":"publish","type":"post","link":"https:\/\/redheadwithabrain.ch\/index.php\/2022\/04\/20\/museo-del-vetro-murano-2022\/","title":{"rendered":"Museo del Vetro &#8211; Murano (1861)"},"content":{"rendered":"\n<p class=\"wp-block-paragraph\">En 1291, le S\u00e9nat d\u00e9cide d\u2019interdire la fabrication de verre \u00e0&nbsp;Venise pour \u00e9viter les risques d\u2019incendies. Les ateliers et les fours sont donc tous transf\u00e9r\u00e9s sur l\u2019\u00eele de Murano. Depuis, c&#8217;est la capitale du verre souffl\u00e9. Le mus\u00e9e renferme toute sortes d&#8217;objets en verre. Les cr\u00e9ations qui datent de quelques si\u00e8cles sont assez fines avec peu de couleurs, celles plus r\u00e9centes frisent \u00e0 chaque fois le kitsch \u00e0 mon go\u00fbt. Il y a surtout une collection de perles et de millefiori, miniatures incroyables. Le palais dans lequel est sis le mus\u00e9e date de XVII<sup>e<\/sup> si\u00e8cle et comporte quelques magnifiques plafonds et surtout de gigantesques lustres en verre de Murano. A voir une fois.<\/p>\n\n\n\n<p class=\"wp-block-paragraph\"><em>&#8220;Ce travail virtuose et \u00e9puisant a v\u00e9ritablement mis Giacomo \u00e0 l&#8217;\u00e9preuve, au point qu&#8217;il en est devenu fou : ainsi, en 1869, son p\u00e8re a re\u00e7u un prix \u00e0 Murano, comme s&#8217;il \u00e9tait d\u00e9dommag\u00e9 &#8220;pour l&#8217;\u00e9tonnante invention des portraits \u00e0 la baguette qui lui a caus\u00e9 la perte presque irr\u00e9parable d&#8217;un fils\u2026&#8221;.<\/em><\/p>\n","protected":false},"excerpt":{"rendered":"<p>En 1291, le S\u00e9nat d\u00e9cide d\u2019interdire la fabrication de verre \u00e0&nbsp;Venise pour \u00e9viter les risques d\u2019incendies. Les ateliers et les fours sont donc tous transf\u00e9r\u00e9s sur l\u2019\u00eele de Murano. Depuis, c&#8217;est la capitale du verre souffl\u00e9. Le mus\u00e9e renferme toute sortes d&#8217;objets en verre. Les cr\u00e9ations qui datent de quelques si\u00e8cles sont assez fines avec [&hellip;]<\/p>\n","protected":false},"author":1,"featured_media":9543,"comment_status":"closed","ping_status":"open","sticky":false,"template":"","format":"standard","meta":{"_jetpack_newsletter_access":"","_jetpack_dont_email_post_to_subs":false,"_jetpack_newsletter_tier_id":0,"_jetpack_memberships_contains_paywalled_content":false,"_jetpack_feature_clip_id":0,"_jetpack_memberships_contains_paid_content":false,"footnotes":"","jetpack_post_was_ever_published":false},"categories":[117],"tags":[118,67,112],"class_list":["post-9521","post","type-post","status-publish","format-standard","has-post-thumbnail","hentry","category-exhibitions","tag-beauty","tag-creativity","tag-history"],"jetpack_sharing_enabled":true,"jetpack_featured_media_url":"https:\/\/i0.wp.com\/redheadwithabrain.ch\/wp-content\/uploads\/2022\/04\/nick-fewings-rND1uag0vL0-unsplash-scaled.jpg?fit=2560%2C1707&ssl=1","_links":{"self":[{"href":"https:\/\/redheadwithabrain.ch\/index.php\/wp-json\/wp\/v2\/posts\/9521","targetHints":{"allow":["GET"]}}],"collection":[{"href":"https:\/\/redheadwithabrain.ch\/index.php\/wp-json\/wp\/v2\/posts"}],"about":[{"href":"https:\/\/redheadwithabrain.ch\/index.php\/wp-json\/wp\/v2\/types\/post"}],"author":[{"embeddable":true,"href":"https:\/\/redheadwithabrain.ch\/index.php\/wp-json\/wp\/v2\/users\/1"}],"replies":[{"embeddable":true,"href":"https:\/\/redheadwithabrain.ch\/index.php\/wp-json\/wp\/v2\/comments?post=9521"}],"version-history":[{"count":3,"href":"https:\/\/redheadwithabrain.ch\/index.php\/wp-json\/wp\/v2\/posts\/9521\/revisions"}],"predecessor-version":[{"id":9562,"href":"https:\/\/redheadwithabrain.ch\/index.php\/wp-json\/wp\/v2\/posts\/9521\/revisions\/9562"}],"wp:featuredmedia":[{"embeddable":true,"href":"https:\/\/redheadwithabrain.ch\/index.php\/wp-json\/wp\/v2\/media\/9543"}],"wp:attachment":[{"href":"https:\/\/redheadwithabrain.ch\/index.php\/wp-json\/wp\/v2\/media?parent=9521"}],"wp:term":[{"taxonomy":"category","embeddable":true,"href":"https:\/\/redheadwithabrain.ch\/index.php\/wp-json\/wp\/v2\/categories?post=9521"},{"taxonomy":"post_tag","embeddable":true,"href":"https:\/\/redheadwithabrain.ch\/index.php\/wp-json\/wp\/v2\/tags?post=9521"}],"curies":[{"name":"wp","href":"https:\/\/api.w.org\/{rel}","templated":true}]}}