{"id":9550,"date":"2022-04-19T10:55:00","date_gmt":"2022-04-19T08:55:00","guid":{"rendered":"https:\/\/redheadwithabrain.ch\/?p=9550"},"modified":"2022-04-23T15:33:18","modified_gmt":"2022-04-23T13:33:18","slug":"campanile-de-saint-marc-venise-1912","status":"publish","type":"post","link":"https:\/\/redheadwithabrain.ch\/index.php\/2022\/04\/19\/campanile-de-saint-marc-venise-1912\/","title":{"rendered":"Campanile di San-Marco &#8211; Venezia (1912)"},"content":{"rendered":"\n<p class=\"wp-block-paragraph\">Le tout premier campanile de la place Saint-Marc a \u00e9t\u00e9 construit au IX<sup>e<\/sup> si\u00e8cle. Il a subi ensuite un incendie, un tremblement de terre, puis encore des incendies. Finalement, de petit rafistolage en petit rafistolage, la tour en mauvais \u00e9tat s&#8217;\u00e9croule le 14 juillet 1902. Elle sera reconstruite et inaugur\u00e9e en 1912. Le campanile servait de tour de garde pour le port et la vue l\u00e0-haut est effectivement magnifique \u00e0 360<sup>o<\/sup>C sur tout Venise et la lagune. Le campanile comporte cinq cloches : la Maragona qui appelait les charpentiers de l&#8217;Arsenal au travail et convoquait les r\u00e9unions du Grand Conseil, la Trottiera qui incitait les patriciens \u00e0 se d\u00e9p\u00eacher, la Meza Terza qui appelait les r\u00e9unions du S\u00e9nat, la Nona qui marquait l&#8217;heure de none (trois heures de l&#8217;apr\u00e8s-midi), et la&nbsp;Maleficio&nbsp;qui accompagnait les ex\u00e9cutions capitales. La tour permit aussi \u00e0 Galil\u00e9e de faire la d\u00e9monstration de sa lunette astronomique. Seule grosse d\u00e9ception : pour monter, il faut prendre l&#8217;ascenseur, ce n&#8217;est pas possible de monter \u00e0 pied&#8230; 98.6m tout de m\u00eame. <\/p>\n\n\n\n<p class=\"wp-block-paragraph\"><em>&#8220;Galileo Galilei con il suo cannocchiale da qui il 21 agosto 1609 allargava gli orizzonti dell&#8217;uomo nel quarto centenario&#8221;<\/em><\/p>\n","protected":false},"excerpt":{"rendered":"<p>Le tout premier campanile de la place Saint-Marc a \u00e9t\u00e9 construit au IXe si\u00e8cle. Il a subi ensuite un incendie, un tremblement de terre, puis encore des incendies. Finalement, de petit rafistolage en petit rafistolage, la tour en mauvais \u00e9tat s&#8217;\u00e9croule le 14 juillet 1902. Elle sera reconstruite et inaugur\u00e9e en 1912. Le campanile servait [&hellip;]<\/p>\n","protected":false},"author":1,"featured_media":9552,"comment_status":"closed","ping_status":"open","sticky":false,"template":"","format":"standard","meta":{"_jetpack_newsletter_access":"","_jetpack_dont_email_post_to_subs":false,"_jetpack_newsletter_tier_id":0,"_jetpack_memberships_contains_paywalled_content":false,"_jetpack_feature_clip_id":0,"_jetpack_memberships_contains_paid_content":false,"footnotes":"","jetpack_post_was_ever_published":false},"categories":[6],"tags":[56,112,119],"class_list":["post-9550","post","type-post","status-publish","format-standard","has-post-thumbnail","hentry","category-bits-bobs","tag-death","tag-history","tag-politics"],"jetpack_sharing_enabled":true,"jetpack_featured_media_url":"https:\/\/i0.wp.com\/redheadwithabrain.ch\/wp-content\/uploads\/2022\/04\/markus-winkler-wk6BuXySW0-unsplash-scaled.jpg?fit=2560%2C1707&ssl=1","_links":{"self":[{"href":"https:\/\/redheadwithabrain.ch\/index.php\/wp-json\/wp\/v2\/posts\/9550","targetHints":{"allow":["GET"]}}],"collection":[{"href":"https:\/\/redheadwithabrain.ch\/index.php\/wp-json\/wp\/v2\/posts"}],"about":[{"href":"https:\/\/redheadwithabrain.ch\/index.php\/wp-json\/wp\/v2\/types\/post"}],"author":[{"embeddable":true,"href":"https:\/\/redheadwithabrain.ch\/index.php\/wp-json\/wp\/v2\/users\/1"}],"replies":[{"embeddable":true,"href":"https:\/\/redheadwithabrain.ch\/index.php\/wp-json\/wp\/v2\/comments?post=9550"}],"version-history":[{"count":5,"href":"https:\/\/redheadwithabrain.ch\/index.php\/wp-json\/wp\/v2\/posts\/9550\/revisions"}],"predecessor-version":[{"id":9568,"href":"https:\/\/redheadwithabrain.ch\/index.php\/wp-json\/wp\/v2\/posts\/9550\/revisions\/9568"}],"wp:featuredmedia":[{"embeddable":true,"href":"https:\/\/redheadwithabrain.ch\/index.php\/wp-json\/wp\/v2\/media\/9552"}],"wp:attachment":[{"href":"https:\/\/redheadwithabrain.ch\/index.php\/wp-json\/wp\/v2\/media?parent=9550"}],"wp:term":[{"taxonomy":"category","embeddable":true,"href":"https:\/\/redheadwithabrain.ch\/index.php\/wp-json\/wp\/v2\/categories?post=9550"},{"taxonomy":"post_tag","embeddable":true,"href":"https:\/\/redheadwithabrain.ch\/index.php\/wp-json\/wp\/v2\/tags?post=9550"}],"curies":[{"name":"wp","href":"https:\/\/api.w.org\/{rel}","templated":true}]}}