{"id":9676,"date":"2022-05-17T14:24:00","date_gmt":"2022-05-17T12:24:00","guid":{"rendered":"https:\/\/redheadwithabrain.ch\/?p=9676"},"modified":"2022-05-24T14:25:37","modified_gmt":"2022-05-24T12:25:37","slug":"gaudi-musee-dorsay-paris-2022","status":"publish","type":"post","link":"https:\/\/redheadwithabrain.ch\/index.php\/2022\/05\/17\/gaudi-musee-dorsay-paris-2022\/","title":{"rendered":"Gaudi &#8211; Mus\u00e9e d&#8217;Orsay &#8211; Paris (2022)"},"content":{"rendered":"\n<p class=\"wp-block-paragraph\">Une petite exposition Gaudi avec des oeuvres d&#8217;autres artistes de la m\u00eame \u00e9poque. De nombreux dessins, aquarelle et encre, des photos et un historique de son parcours. L&#8217;exposition d\u00e9bute par du mobilier en bois qui ressemble \u00e0 ce que Gaudi fait en architecture, tr\u00e8s peu de lignes droites, tr\u00e8s particulier. Mais un peu d\u00e9cevant comme exposition. Gaudi, c&#8217;est de l&#8217;architecture, c&#8217;est dehors, en vrai, au c\u0153ur de Barcelone qu&#8217;il faut aller \u00e0 sa rencontre. <\/p>\n\n\n\n<p class=\"wp-block-paragraph\"><em>&#8220;Un autre trait caract\u00e9ristique de Gaud\u00ed est l\u2019\u00e9l\u00e9vation de vo\u00fbtes tr\u00e8s en hauteur sans recourir \u00e0 des arcs-boutants ni \u00e0 des contreforts ext\u00e9rieurs. Ses constructions sont r\u00e9v\u00e9latrices de sa passion et de ses connaissances en g\u00e9om\u00e9trie et en math\u00e9matiques, qu\u2019il associe \u00e0 une observation fine de la nature, tout particuli\u00e8rement de l\u2019arbre.&#8221;<\/em><\/p>\n","protected":false},"excerpt":{"rendered":"<p>Une petite exposition Gaudi avec des oeuvres d&#8217;autres artistes de la m\u00eame \u00e9poque. De nombreux dessins, aquarelle et encre, des photos et un historique de son parcours. L&#8217;exposition d\u00e9bute par du mobilier en bois qui ressemble \u00e0 ce que Gaudi fait en architecture, tr\u00e8s peu de lignes droites, tr\u00e8s particulier. Mais un peu d\u00e9cevant comme [&hellip;]<\/p>\n","protected":false},"author":1,"featured_media":9678,"comment_status":"closed","ping_status":"open","sticky":false,"template":"","format":"standard","meta":{"_jetpack_newsletter_access":"","_jetpack_dont_email_post_to_subs":false,"_jetpack_newsletter_tier_id":0,"_jetpack_memberships_contains_paywalled_content":false,"_jetpack_feature_clip_id":0,"_jetpack_memberships_contains_paid_content":false,"footnotes":"","jetpack_post_was_ever_published":false},"categories":[117],"tags":[175,29,48],"class_list":["post-9676","post","type-post","status-publish","format-standard","has-post-thumbnail","hentry","category-exhibitions","tag-movement","tag-trees","tag-weirdness"],"jetpack_sharing_enabled":true,"jetpack_featured_media_url":"https:\/\/i0.wp.com\/redheadwithabrain.ch\/wp-content\/uploads\/2022\/05\/amin-safaripour-I-Vu4OejhQU-unsplash-scaled.jpg?fit=1920%2C2560&ssl=1","_links":{"self":[{"href":"https:\/\/redheadwithabrain.ch\/index.php\/wp-json\/wp\/v2\/posts\/9676","targetHints":{"allow":["GET"]}}],"collection":[{"href":"https:\/\/redheadwithabrain.ch\/index.php\/wp-json\/wp\/v2\/posts"}],"about":[{"href":"https:\/\/redheadwithabrain.ch\/index.php\/wp-json\/wp\/v2\/types\/post"}],"author":[{"embeddable":true,"href":"https:\/\/redheadwithabrain.ch\/index.php\/wp-json\/wp\/v2\/users\/1"}],"replies":[{"embeddable":true,"href":"https:\/\/redheadwithabrain.ch\/index.php\/wp-json\/wp\/v2\/comments?post=9676"}],"version-history":[{"count":2,"href":"https:\/\/redheadwithabrain.ch\/index.php\/wp-json\/wp\/v2\/posts\/9676\/revisions"}],"predecessor-version":[{"id":9679,"href":"https:\/\/redheadwithabrain.ch\/index.php\/wp-json\/wp\/v2\/posts\/9676\/revisions\/9679"}],"wp:featuredmedia":[{"embeddable":true,"href":"https:\/\/redheadwithabrain.ch\/index.php\/wp-json\/wp\/v2\/media\/9678"}],"wp:attachment":[{"href":"https:\/\/redheadwithabrain.ch\/index.php\/wp-json\/wp\/v2\/media?parent=9676"}],"wp:term":[{"taxonomy":"category","embeddable":true,"href":"https:\/\/redheadwithabrain.ch\/index.php\/wp-json\/wp\/v2\/categories?post=9676"},{"taxonomy":"post_tag","embeddable":true,"href":"https:\/\/redheadwithabrain.ch\/index.php\/wp-json\/wp\/v2\/tags?post=9676"}],"curies":[{"name":"wp","href":"https:\/\/api.w.org\/{rel}","templated":true}]}}