{"id":9720,"date":"2022-05-30T22:49:35","date_gmt":"2022-05-30T20:49:35","guid":{"rendered":"https:\/\/redheadwithabrain.ch\/?p=9720"},"modified":"2022-06-03T09:42:26","modified_gmt":"2022-06-03T07:42:26","slug":"journal-lhistoire-de-mon-coeur-et-de-mon-cul-noemie-de-lattre-2022","status":"publish","type":"post","link":"https:\/\/redheadwithabrain.ch\/index.php\/2022\/05\/30\/journal-lhistoire-de-mon-coeur-et-de-mon-cul-noemie-de-lattre-2022\/","title":{"rendered":"Journal : L&#8217;histoire de mon c\u0153ur et de mon cul &#8211; No\u00e9mie de Lattre (2022)"},"content":{"rendered":"\n<p class=\"wp-block-paragraph\">Une plong\u00e9e dans l&#8217;intime d&#8217;une femme, dans ce qu&#8217;il se passe dans sa t\u00eate, dans son c\u0153ur et ailleurs, dans la construction progressive de ses id\u00e9es f\u00e9ministes. Un livre \u00e0 deux voix, une No\u00e9mie qui depuis 2005 remplit les pages d&#8217;une journal on ne peut plus intime et une No\u00e9mie qui reprend 15 ans apr\u00e8s ces \u00e9crits et les commente en d\u00e9cortiquant ses ressentis \u00e0 la lumi\u00e8re d&#8217;une soci\u00e9t\u00e9 dans laquelle les femmes doivent encore chercher leur place. L&#8217;histoire finit en 2021 et laisse un bilan en demi-teinte. No\u00e9mie va mieux mais les femmes en g\u00e9n\u00e9ral ont encore du chemin \u00e0 faire pour l&#8217;\u00e9galit\u00e9 et la libert\u00e9. <\/p>\n\n\n\n<p class=\"wp-block-paragraph\"><em>&#8220;C&#8217;est fou comme une construction sociale peut broyer un individu. J&#8217;ai toujours \u00e9t\u00e9 solide, forte, vivace, positive, et j&#8217;ai en moi depuis tr\u00e8s longtemps les ressources pour \u00eatre ind\u00e9pendante, libre, et HEUREUSE! Et pourtant me voil\u00e0 \u00e0 m&#8217;en remettre d\u00e9lib\u00e9r\u00e9ment \u00e0 un tiers; je choisis, consciemment, de mettre mon bonheur et mon amour-propre entre les mains d&#8217;un autre. Je le souhaite m\u00eame. Je r\u00eave qu&#8217;un homme prenne le pouvoir sur moi, et me d\u00e9sire, me poss\u00e8de, me prenne, me donne une vie, me fasse exister!&#8221;<\/em><\/p>\n","protected":false},"excerpt":{"rendered":"<p>Une plong\u00e9e dans l&#8217;intime d&#8217;une femme, dans ce qu&#8217;il se passe dans sa t\u00eate, dans son c\u0153ur et ailleurs, dans la construction progressive de ses id\u00e9es f\u00e9ministes. Un livre \u00e0 deux voix, une No\u00e9mie qui depuis 2005 remplit les pages d&#8217;une journal on ne peut plus intime et une No\u00e9mie qui reprend 15 ans apr\u00e8s [&hellip;]<\/p>\n","protected":false},"author":1,"featured_media":9745,"comment_status":"closed","ping_status":"open","sticky":false,"template":"","format":"standard","meta":{"_jetpack_newsletter_access":"","_jetpack_dont_email_post_to_subs":false,"_jetpack_newsletter_tier_id":0,"_jetpack_memberships_contains_paywalled_content":false,"_jetpack_feature_clip_id":0,"_jetpack_memberships_contains_paid_content":false,"footnotes":"","jetpack_post_was_ever_published":false},"categories":[142],"tags":[19,21,46],"class_list":["post-9720","post","type-post","status-publish","format-standard","has-post-thumbnail","hentry","category-books-2022","tag-love","tag-sex","tag-sexism"],"jetpack_sharing_enabled":true,"jetpack_featured_media_url":"https:\/\/i0.wp.com\/redheadwithabrain.ch\/wp-content\/uploads\/2022\/05\/shutterstock_1657683367-scaled-e1654242194467.jpg?fit=2560%2C1016&ssl=1","_links":{"self":[{"href":"https:\/\/redheadwithabrain.ch\/index.php\/wp-json\/wp\/v2\/posts\/9720","targetHints":{"allow":["GET"]}}],"collection":[{"href":"https:\/\/redheadwithabrain.ch\/index.php\/wp-json\/wp\/v2\/posts"}],"about":[{"href":"https:\/\/redheadwithabrain.ch\/index.php\/wp-json\/wp\/v2\/types\/post"}],"author":[{"embeddable":true,"href":"https:\/\/redheadwithabrain.ch\/index.php\/wp-json\/wp\/v2\/users\/1"}],"replies":[{"embeddable":true,"href":"https:\/\/redheadwithabrain.ch\/index.php\/wp-json\/wp\/v2\/comments?post=9720"}],"version-history":[{"count":4,"href":"https:\/\/redheadwithabrain.ch\/index.php\/wp-json\/wp\/v2\/posts\/9720\/revisions"}],"predecessor-version":[{"id":9736,"href":"https:\/\/redheadwithabrain.ch\/index.php\/wp-json\/wp\/v2\/posts\/9720\/revisions\/9736"}],"wp:featuredmedia":[{"embeddable":true,"href":"https:\/\/redheadwithabrain.ch\/index.php\/wp-json\/wp\/v2\/media\/9745"}],"wp:attachment":[{"href":"https:\/\/redheadwithabrain.ch\/index.php\/wp-json\/wp\/v2\/media?parent=9720"}],"wp:term":[{"taxonomy":"category","embeddable":true,"href":"https:\/\/redheadwithabrain.ch\/index.php\/wp-json\/wp\/v2\/categories?post=9720"},{"taxonomy":"post_tag","embeddable":true,"href":"https:\/\/redheadwithabrain.ch\/index.php\/wp-json\/wp\/v2\/tags?post=9720"}],"curies":[{"name":"wp","href":"https:\/\/api.w.org\/{rel}","templated":true}]}}