{"id":9854,"date":"2022-06-09T19:12:00","date_gmt":"2022-06-09T17:12:00","guid":{"rendered":"https:\/\/redheadwithabrain.ch\/?p=9854"},"modified":"2022-06-13T10:57:59","modified_gmt":"2022-06-13T08:57:59","slug":"rencontre-avec-jacques-gamblin-jacques-gamblin-2022","status":"publish","type":"post","link":"https:\/\/redheadwithabrain.ch\/index.php\/2022\/06\/09\/rencontre-avec-jacques-gamblin-jacques-gamblin-2022\/","title":{"rendered":"Rencontre avec Jacques Gamblin &#8211; Jacques Gamblin (2022)"},"content":{"rendered":"\n<p class=\"wp-block-paragraph\">La Soci\u00e9t\u00e9 de lecture de Gen\u00e8ve a invit\u00e9 Jacques Gamblin ce 9 juin pour une rencontre, sans th\u00e8me pr\u00e9cis. Ce n&#8217;\u00e9tait effectivement pas n\u00e9cessaire tant il a \u00e0 dire. Son enfance dans la quincaillerie de ces parents, sa recherche du silence, sa vie d&#8217;artiste, d&#8217;\u00e9crivain, de marin. Il d\u00e9gage la m\u00eame sensibilit\u00e9 \u00e0 fleur de peau que dans son r\u00f4le d&#8217;<a href=\"https:\/\/redheadwithabrain.ch\/index.php\/2022\/06\/08\/harvey-laurent-pelly-2022\/\">Elwood<\/a>, il est dr\u00f4le, pertinent, int\u00e9ressant. Une tr\u00e8s belle conference qui donne aussi envie de lire ce qu&#8217;il a \u00e9crit.<\/p>\n\n\n\n<p class=\"wp-block-paragraph\"><em>&#8220;A cette \u00e9poque-l\u00e0, c&#8217;\u00e9tait une grande boutique, c&#8217;\u00e9tait quatre \u00e9tages de r\u00e9serve. On passait d&#8217;un quartier \u00e0 un autre quartier en montant dans la r\u00e9serve. Et si on montait encore plus haut, on arrivait chez mes grands-parents. Et si on montait encore un peu plus haut, on arrivait \u00e0 l&#8217;\u00e9glise Saint-Paul. Et encore plus haut, on rencontrait Dieu. Je ne l&#8217;ai pas rencontr\u00e9.&#8221;<\/em><\/p>\n","protected":false},"excerpt":{"rendered":"<p>La Soci\u00e9t\u00e9 de lecture de Gen\u00e8ve a invit\u00e9 Jacques Gamblin ce 9 juin pour une rencontre, sans th\u00e8me pr\u00e9cis. Ce n&#8217;\u00e9tait effectivement pas n\u00e9cessaire tant il a \u00e0 dire. Son enfance dans la quincaillerie de ces parents, sa recherche du silence, sa vie d&#8217;artiste, d&#8217;\u00e9crivain, de marin. Il d\u00e9gage la m\u00eame sensibilit\u00e9 \u00e0 fleur de [&hellip;]<\/p>\n","protected":false},"author":1,"featured_media":9855,"comment_status":"closed","ping_status":"open","sticky":false,"template":"","format":"standard","meta":{"_jetpack_newsletter_access":"","_jetpack_dont_email_post_to_subs":false,"_jetpack_newsletter_tier_id":0,"_jetpack_memberships_contains_paywalled_content":false,"_jetpack_feature_clip_id":0,"_jetpack_memberships_contains_paid_content":false,"footnotes":"","jetpack_post_was_ever_published":false},"categories":[96],"tags":[193,47,94],"class_list":["post-9854","post","type-post","status-publish","format-standard","has-post-thumbnail","hentry","category-conferences","tag-fragility","tag-humour","tag-literature"],"jetpack_sharing_enabled":true,"jetpack_featured_media_url":"https:\/\/i0.wp.com\/redheadwithabrain.ch\/wp-content\/uploads\/2022\/06\/pablo-martinez-S1xZ5GmpdM8-unsplash-scaled.jpg?fit=2560%2C1707&ssl=1","_links":{"self":[{"href":"https:\/\/redheadwithabrain.ch\/index.php\/wp-json\/wp\/v2\/posts\/9854","targetHints":{"allow":["GET"]}}],"collection":[{"href":"https:\/\/redheadwithabrain.ch\/index.php\/wp-json\/wp\/v2\/posts"}],"about":[{"href":"https:\/\/redheadwithabrain.ch\/index.php\/wp-json\/wp\/v2\/types\/post"}],"author":[{"embeddable":true,"href":"https:\/\/redheadwithabrain.ch\/index.php\/wp-json\/wp\/v2\/users\/1"}],"replies":[{"embeddable":true,"href":"https:\/\/redheadwithabrain.ch\/index.php\/wp-json\/wp\/v2\/comments?post=9854"}],"version-history":[{"count":5,"href":"https:\/\/redheadwithabrain.ch\/index.php\/wp-json\/wp\/v2\/posts\/9854\/revisions"}],"predecessor-version":[{"id":9868,"href":"https:\/\/redheadwithabrain.ch\/index.php\/wp-json\/wp\/v2\/posts\/9854\/revisions\/9868"}],"wp:featuredmedia":[{"embeddable":true,"href":"https:\/\/redheadwithabrain.ch\/index.php\/wp-json\/wp\/v2\/media\/9855"}],"wp:attachment":[{"href":"https:\/\/redheadwithabrain.ch\/index.php\/wp-json\/wp\/v2\/media?parent=9854"}],"wp:term":[{"taxonomy":"category","embeddable":true,"href":"https:\/\/redheadwithabrain.ch\/index.php\/wp-json\/wp\/v2\/categories?post=9854"},{"taxonomy":"post_tag","embeddable":true,"href":"https:\/\/redheadwithabrain.ch\/index.php\/wp-json\/wp\/v2\/tags?post=9854"}],"curies":[{"name":"wp","href":"https:\/\/api.w.org\/{rel}","templated":true}]}}