{"id":9904,"date":"2022-02-28T11:02:00","date_gmt":"2022-02-28T10:02:00","guid":{"rendered":"https:\/\/redheadwithabrain.ch\/?p=9904"},"modified":"2022-08-11T13:27:53","modified_gmt":"2022-08-11T11:27:53","slug":"conte-de-la-vieille-aux-cheveux-blancs-nuits-423-et-424","status":"publish","type":"post","link":"https:\/\/redheadwithabrain.ch\/index.php\/2022\/02\/28\/conte-de-la-vieille-aux-cheveux-blancs-nuits-423-et-424\/","title":{"rendered":"Conte de la vieille aux cheveux blancs &#8211; Nuits 423 et 424"},"content":{"rendered":"\n<p class=\"wp-block-paragraph\">Un groupe d&#8217;ami voit dans un jardin une vieille femme encore belle aux cheveux tout blancs. Ab\u00fb Suwayd dit \u00e0 la vieille qu&#8217;elle serait plus belle si elle se teignait les cheveux en noir. Elle lui donne la r\u00e9ponse ci-dessous.<\/p>\n\n\n\n<p class=\"has-text-align-center wp-block-paragraph\"><em>&#8220;J&#8217;ai teint ce qu&#8217;avait teint le temps, mais des deux teintures,<br>c&#8217;est celle du temps qui a tenu,<br>Du temps qui me voyait jadis me pavaner dans mes habits de jeunesse,<br>quand on me prenait et par-devant et par-derri\u00e8re.&#8221;<\/em><\/p>\n","protected":false},"excerpt":{"rendered":"<p>Un groupe d&#8217;ami voit dans un jardin une vieille femme encore belle aux cheveux tout blancs. Ab\u00fb Suwayd dit \u00e0 la vieille qu&#8217;elle serait plus belle si elle se teignait les cheveux en noir. Elle lui donne la r\u00e9ponse ci-dessous. &#8220;J&#8217;ai teint ce qu&#8217;avait teint le temps, mais des deux teintures,c&#8217;est celle du temps qui [&hellip;]<\/p>\n","protected":false},"author":1,"featured_media":9905,"comment_status":"closed","ping_status":"open","sticky":false,"template":"","format":"standard","meta":{"_jetpack_newsletter_access":"","_jetpack_dont_email_post_to_subs":false,"_jetpack_newsletter_tier_id":0,"_jetpack_memberships_contains_paywalled_content":false,"_jetpack_feature_clip_id":0,"_jetpack_memberships_contains_paid_content":false,"footnotes":"","jetpack_post_was_ever_published":false},"categories":[11],"tags":[118,131,13],"class_list":["post-9904","post","type-post","status-publish","format-standard","has-post-thumbnail","hentry","category-les-mille-et-une-nuits","tag-beauty","tag-elderly","tag-resilience"],"jetpack_sharing_enabled":true,"jetpack_featured_media_url":"https:\/\/i0.wp.com\/redheadwithabrain.ch\/wp-content\/uploads\/2022\/06\/bosse-kullenberg-miNFr3kXGww-unsplash-scaled.jpg?fit=1920%2C2560&ssl=1","_links":{"self":[{"href":"https:\/\/redheadwithabrain.ch\/index.php\/wp-json\/wp\/v2\/posts\/9904","targetHints":{"allow":["GET"]}}],"collection":[{"href":"https:\/\/redheadwithabrain.ch\/index.php\/wp-json\/wp\/v2\/posts"}],"about":[{"href":"https:\/\/redheadwithabrain.ch\/index.php\/wp-json\/wp\/v2\/types\/post"}],"author":[{"embeddable":true,"href":"https:\/\/redheadwithabrain.ch\/index.php\/wp-json\/wp\/v2\/users\/1"}],"replies":[{"embeddable":true,"href":"https:\/\/redheadwithabrain.ch\/index.php\/wp-json\/wp\/v2\/comments?post=9904"}],"version-history":[{"count":3,"href":"https:\/\/redheadwithabrain.ch\/index.php\/wp-json\/wp\/v2\/posts\/9904\/revisions"}],"predecessor-version":[{"id":10452,"href":"https:\/\/redheadwithabrain.ch\/index.php\/wp-json\/wp\/v2\/posts\/9904\/revisions\/10452"}],"wp:featuredmedia":[{"embeddable":true,"href":"https:\/\/redheadwithabrain.ch\/index.php\/wp-json\/wp\/v2\/media\/9905"}],"wp:attachment":[{"href":"https:\/\/redheadwithabrain.ch\/index.php\/wp-json\/wp\/v2\/media?parent=9904"}],"wp:term":[{"taxonomy":"category","embeddable":true,"href":"https:\/\/redheadwithabrain.ch\/index.php\/wp-json\/wp\/v2\/categories?post=9904"},{"taxonomy":"post_tag","embeddable":true,"href":"https:\/\/redheadwithabrain.ch\/index.php\/wp-json\/wp\/v2\/tags?post=9904"}],"curies":[{"name":"wp","href":"https:\/\/api.w.org\/{rel}","templated":true}]}}