{"id":9936,"date":"2022-06-25T11:47:00","date_gmt":"2022-06-25T09:47:00","guid":{"rendered":"https:\/\/redheadwithabrain.ch\/?p=9936"},"modified":"2022-07-18T13:46:05","modified_gmt":"2022-07-18T11:46:05","slug":"les-enfants-du-levant-isabelle-aboulker-christian-eymery-2001","status":"publish","type":"post","link":"https:\/\/redheadwithabrain.ch\/index.php\/2022\/06\/25\/les-enfants-du-levant-isabelle-aboulker-christian-eymery-2001\/","title":{"rendered":"Les enfants du levant &#8211; Isabelle Aboulker &#038; Christian Eymery (2001)"},"content":{"rendered":"\n<p class=\"wp-block-paragraph\">En 1850, Louis-Napol\u00e9on Bonaparte veut lutter contre la mis\u00e8re en pla\u00e7ant les enfants abandonn\u00e9s dans des centres de travail en plein air. Sur l&#8217;\u00cele du Levant \u00e0 Hy\u00e8res, le comte de Pourtal\u00e8s cr\u00e9e un de ces centres, qui deviendra un endroit d&#8217;exploitation des enfants, une belle main-d&#8217;\u0153uvre bon march\u00e9. Cette histoire est racont\u00e9e dans le livre de Claude Gritti et a \u00e9t\u00e9 ensuite mise sous forme d&#8217;op\u00e9ra. Interpr\u00e9t\u00e9 par la Ma\u00eetrise du Conservatoire populaire de musique, danse et th\u00e9\u00e2tre lors de la f\u00eate de la musique sur la belle sc\u00e8ne de l&#8217;Alhambra. \u00c9mouvant. <\/p>\n\n\n\n<p class=\"has-text-align-center wp-block-paragraph\"><em>&#8220;Quatre planches, quelques clous&#8230;<br>L\u00e0, pos\u00e9e par terre<br>Une caisse pr\u00e8s d&#8217;un trou<br>Dans un coin du cimeti\u00e8re<br><br>Personne n&#8217;a chant\u00e9<br>Personne n&#8217;a pleur\u00e9<br>Personne n&#8217;a eu de remords<br>Pas m\u00eame de regrets<br><br>Pas de c\u00e9r\u00e9monie,<br>\u00c0 peine une pri\u00e8re,<br>Juste un signe de croix,<br>Voil\u00e0&#8230;&#8221;<\/em><\/p>\n","protected":false},"excerpt":{"rendered":"<p>En 1850, Louis-Napol\u00e9on Bonaparte veut lutter contre la mis\u00e8re en pla\u00e7ant les enfants abandonn\u00e9s dans des centres de travail en plein air. Sur l&#8217;\u00cele du Levant \u00e0 Hy\u00e8res, le comte de Pourtal\u00e8s cr\u00e9e un de ces centres, qui deviendra un endroit d&#8217;exploitation des enfants, une belle main-d&#8217;\u0153uvre bon march\u00e9. Cette histoire est racont\u00e9e dans le [&hellip;]<\/p>\n","protected":false},"author":1,"featured_media":9974,"comment_status":"closed","ping_status":"open","sticky":false,"template":"","format":"standard","meta":{"_jetpack_newsletter_access":"","_jetpack_dont_email_post_to_subs":false,"_jetpack_newsletter_tier_id":0,"_jetpack_memberships_contains_paywalled_content":false,"_jetpack_feature_clip_id":0,"_jetpack_memberships_contains_paid_content":false,"footnotes":"","jetpack_post_was_ever_published":false},"categories":[3],"tags":[111,42,112],"class_list":["post-9936","post","type-post","status-publish","format-standard","has-post-thumbnail","hentry","category-concerts","tag-abuse","tag-childhood","tag-history"],"jetpack_sharing_enabled":true,"jetpack_featured_media_url":"https:\/\/i0.wp.com\/redheadwithabrain.ch\/wp-content\/uploads\/2022\/07\/bertrand-moritz-VwDZK9XfCKE-unsplash-scaled.jpg?fit=2560%2C1703&ssl=1","_links":{"self":[{"href":"https:\/\/redheadwithabrain.ch\/index.php\/wp-json\/wp\/v2\/posts\/9936","targetHints":{"allow":["GET"]}}],"collection":[{"href":"https:\/\/redheadwithabrain.ch\/index.php\/wp-json\/wp\/v2\/posts"}],"about":[{"href":"https:\/\/redheadwithabrain.ch\/index.php\/wp-json\/wp\/v2\/types\/post"}],"author":[{"embeddable":true,"href":"https:\/\/redheadwithabrain.ch\/index.php\/wp-json\/wp\/v2\/users\/1"}],"replies":[{"embeddable":true,"href":"https:\/\/redheadwithabrain.ch\/index.php\/wp-json\/wp\/v2\/comments?post=9936"}],"version-history":[{"count":9,"href":"https:\/\/redheadwithabrain.ch\/index.php\/wp-json\/wp\/v2\/posts\/9936\/revisions"}],"predecessor-version":[{"id":10148,"href":"https:\/\/redheadwithabrain.ch\/index.php\/wp-json\/wp\/v2\/posts\/9936\/revisions\/10148"}],"wp:featuredmedia":[{"embeddable":true,"href":"https:\/\/redheadwithabrain.ch\/index.php\/wp-json\/wp\/v2\/media\/9974"}],"wp:attachment":[{"href":"https:\/\/redheadwithabrain.ch\/index.php\/wp-json\/wp\/v2\/media?parent=9936"}],"wp:term":[{"taxonomy":"category","embeddable":true,"href":"https:\/\/redheadwithabrain.ch\/index.php\/wp-json\/wp\/v2\/categories?post=9936"},{"taxonomy":"post_tag","embeddable":true,"href":"https:\/\/redheadwithabrain.ch\/index.php\/wp-json\/wp\/v2\/tags?post=9936"}],"curies":[{"name":"wp","href":"https:\/\/api.w.org\/{rel}","templated":true}]}}